{"id":2474,"date":"2014-06-02T22:19:43","date_gmt":"2014-06-02T21:19:43","guid":{"rendered":"http:\/\/www.pfarregersthof.at\/komm\/?p=2474"},"modified":"2015-03-01T18:52:25","modified_gmt":"2015-03-01T17:52:25","slug":"offene-tore-muessen-funktionieren","status":"publish","type":"post","link":"https:\/\/www.pfarregersthof.at\/komm\/2014\/06\/offene-tore-muessen-funktionieren\/","title":{"rendered":"Offene Tore &#8211; m\u00fcssen funktionieren"},"content":{"rendered":"<p>Offene Tore hat unsere Pfarrkirche seit 123 Jahren. In diesen 123 Jahren ist unser \u00e4u\u00dferes Gittertor alt und nicht besser geworden. Die Behebung der Sch\u00e4den war jetzt dringend notwendig und ist mit hoher Fachkompetenz erfolgt. Seit 23. Mai ist das Tor erneuert und wieder einsatzbereit. Zweckgebundene Spenden zur Bezahlung der Kosten von 5.000 EUR erbittet sorgenvoll und dankbar<\/p>\n<p><span style=\"color: #3366ff;\"><em> Pfr. Norbert<\/em><\/span><\/p>\n","protected":false},"excerpt":{"rendered":"<p>Offene Tore hat unsere Pfarrkirche seit 123 Jahren. In diesen 123 Jahren ist unser \u00e4u\u00dferes Gittertor alt und nicht besser geworden. Die Behebung der Sch\u00e4den war jetzt dringend notwendig und ist mit hoher Fachkompetenz erfolgt. Seit 23. Mai ist das Tor erneuert und wieder einsatzbereit. Zweckgebundene Spenden zur Bezahlung der Kosten von 5.000 EUR erbittet [&hellip;]<\/p>\n","protected":false},"author":2,"featured_media":0,"comment_status":"open","ping_status":"open","sticky":false,"template":"","format":"standard","meta":{"ngg_post_thumbnail":0,"footnotes":""},"categories":[7],"tags":[],"class_list":{"0":"post-2474","1":"post","2":"type-post","3":"status-publish","4":"format-standard","6":"category-archiv"},"publishpress_future_action":{"enabled":false,"date":"2026-05-07 00:18:34","action":"category","newStatus":"draft","terms":[],"taxonomy":"category","extraData":[]},"publishpress_future_workflow_manual_trigger":{"enabledWorkflows":[]},"_links":{"self":[{"href":"https:\/\/www.pfarregersthof.at\/komm\/wp-json\/wp\/v2\/posts\/2474","targetHints":{"allow":["GET"]}}],"collection":[{"href":"https:\/\/www.pfarregersthof.at\/komm\/wp-json\/wp\/v2\/posts"}],"about":[{"href":"https:\/\/www.pfarregersthof.at\/komm\/wp-json\/wp\/v2\/types\/post"}],"author":[{"embeddable":true,"href":"https:\/\/www.pfarregersthof.at\/komm\/wp-json\/wp\/v2\/users\/2"}],"replies":[{"embeddable":true,"href":"https:\/\/www.pfarregersthof.at\/komm\/wp-json\/wp\/v2\/comments?post=2474"}],"version-history":[{"count":1,"href":"https:\/\/www.pfarregersthof.at\/komm\/wp-json\/wp\/v2\/posts\/2474\/revisions"}],"predecessor-version":[{"id":2475,"href":"https:\/\/www.pfarregersthof.at\/komm\/wp-json\/wp\/v2\/posts\/2474\/revisions\/2475"}],"wp:attachment":[{"href":"https:\/\/www.pfarregersthof.at\/komm\/wp-json\/wp\/v2\/media?parent=2474"}],"wp:term":[{"taxonomy":"category","embeddable":true,"href":"https:\/\/www.pfarregersthof.at\/komm\/wp-json\/wp\/v2\/categories?post=2474"},{"taxonomy":"post_tag","embeddable":true,"href":"https:\/\/www.pfarregersthof.at\/komm\/wp-json\/wp\/v2\/tags?post=2474"}],"curies":[{"name":"wp","href":"https:\/\/api.w.org\/{rel}","templated":true}]}}