{"id":2485,"date":"2014-08-21T12:28:11","date_gmt":"2014-08-21T10:28:11","guid":{"rendered":"http:\/\/www.pfarregersthof.at\/komm\/?p=2485"},"modified":"2014-09-28T19:14:45","modified_gmt":"2014-09-28T17:14:45","slug":"kommunionvorbereitung-201415-22-24-9","status":"publish","type":"post","link":"https:\/\/www.pfarregersthof.at\/komm\/2014\/08\/kommunionvorbereitung-201415-22-24-9\/","title":{"rendered":"Kommunionvorbereitung 2014\/15 (22.\/24.9.)"},"content":{"rendered":"<p>Ich lade herzlich zum <strong>Elternabend<\/strong> am <strong>Montag, 22. oder Mittwoch, 24. September jeweils um 19.30 Uhr<\/strong> im Gemeindezentrum (Bastiengasse 18) ein.<\/p>\n<p>Bitte w\u00e4hlen Sie einen der beiden Termine aus, die Teilnahme eines Elternteiles ist Voraussetzung f\u00fcr die Kommunionvorbereitung der Kinder.<\/p>\n<p>Die Jahresplanung finden Sie demn\u00e4chste auf dieser Homepage der Pfarre!<\/p>\n<p><span style=\"color: #3366ff;\"><em>Gerda Winner<\/em><\/span><\/p>\n","protected":false},"excerpt":{"rendered":"<p>Ich lade herzlich zum Elternabend am Montag, 22. oder Mittwoch, 24. September jeweils um 19.30 Uhr im Gemeindezentrum (Bastiengasse 18) ein. Bitte w\u00e4hlen Sie einen der beiden Termine aus, die Teilnahme eines Elternteiles ist Voraussetzung f\u00fcr die Kommunionvorbereitung der Kinder. Die Jahresplanung finden Sie demn\u00e4chste auf dieser Homepage der Pfarre! Gerda Winner<\/p>\n","protected":false},"author":2,"featured_media":0,"comment_status":"open","ping_status":"open","sticky":false,"template":"","format":"standard","meta":{"ngg_post_thumbnail":0,"footnotes":""},"categories":[7],"tags":[],"class_list":{"0":"post-2485","1":"post","2":"type-post","3":"status-publish","4":"format-standard","6":"category-archiv"},"publishpress_future_action":{"enabled":false,"date":"2026-05-06 20:16:27","action":"category","newStatus":"draft","terms":[],"taxonomy":"category","extraData":[]},"publishpress_future_workflow_manual_trigger":{"enabledWorkflows":[]},"_links":{"self":[{"href":"https:\/\/www.pfarregersthof.at\/komm\/wp-json\/wp\/v2\/posts\/2485","targetHints":{"allow":["GET"]}}],"collection":[{"href":"https:\/\/www.pfarregersthof.at\/komm\/wp-json\/wp\/v2\/posts"}],"about":[{"href":"https:\/\/www.pfarregersthof.at\/komm\/wp-json\/wp\/v2\/types\/post"}],"author":[{"embeddable":true,"href":"https:\/\/www.pfarregersthof.at\/komm\/wp-json\/wp\/v2\/users\/2"}],"replies":[{"embeddable":true,"href":"https:\/\/www.pfarregersthof.at\/komm\/wp-json\/wp\/v2\/comments?post=2485"}],"version-history":[{"count":3,"href":"https:\/\/www.pfarregersthof.at\/komm\/wp-json\/wp\/v2\/posts\/2485\/revisions"}],"predecessor-version":[{"id":2575,"href":"https:\/\/www.pfarregersthof.at\/komm\/wp-json\/wp\/v2\/posts\/2485\/revisions\/2575"}],"wp:attachment":[{"href":"https:\/\/www.pfarregersthof.at\/komm\/wp-json\/wp\/v2\/media?parent=2485"}],"wp:term":[{"taxonomy":"category","embeddable":true,"href":"https:\/\/www.pfarregersthof.at\/komm\/wp-json\/wp\/v2\/categories?post=2485"},{"taxonomy":"post_tag","embeddable":true,"href":"https:\/\/www.pfarregersthof.at\/komm\/wp-json\/wp\/v2\/tags?post=2485"}],"curies":[{"name":"wp","href":"https:\/\/api.w.org\/{rel}","templated":true}]}}