{"id":2494,"date":"2014-06-21T13:40:47","date_gmt":"2014-06-21T11:40:47","guid":{"rendered":"http:\/\/www.pfarregersthof.at\/komm\/?p=2494"},"modified":"2014-08-25T21:30:33","modified_gmt":"2014-08-25T19:30:33","slug":"kurzexerzitien-das-tut-leib-und-seele-gut-24-8","status":"publish","type":"post","link":"https:\/\/www.pfarregersthof.at\/komm\/2014\/06\/kurzexerzitien-das-tut-leib-und-seele-gut-24-8\/","title":{"rendered":"Kurzexerzitien \u2013 das tut Leib und Seele gut! (24.8.)"},"content":{"rendered":"<p>Auch heuer werden diese in der Zeit von<strong> 24. August (18.00 Uhr) &#8211; 26. August<\/strong> von P. Johannes Paul Abrahamowicz OSB im Stift G\u00f6ttweig f\u00fcr unsere Pfarre angeboten. Die Kosten f\u00fcr Aufenthalt und N\u00e4chtigung betragen \u20ac 96,&#8211;, der Kursbeitrag ist nach Selbsteinsch\u00e4tzung abzurechnen. P. Johannes Paul hat als Thema: \u201eWas ich \u00fcber unseren Glauben noch wissen wollte\u201c ausgew\u00e4hlt.<\/p>\n<p>Inhalt des Kurses:<br \/>\n<em>Eine Glaubensvertiefung ausgehend von den Fragen der Teilnehmer. Dazu ist kein bestimmter spiritueller Zugang n\u00f6tig. Als einzige spirituelle Regel gilt, dass der Verlauf dieser Tage eine Zeit f\u00fcr uns ist. Daher sind Austausch, Stille, M\u00f6glichkeit der Teilnahme am Gebet der M\u00f6nche und an anderen Gottesdiensten usw. Angebote und nicht Verpflichtungen. Diese Tage hei\u00dfen zwar &#8222;Exerzitien&#8220; (= \u00dcbungen), aber das, was heute am meisten ge\u00fcbt werden muss, ist das Nichts-Tun, sich geistig erholen, sich in Gottes Gegenwart wohlf\u00fchlen.<\/em><\/p>\n<p><strong>Anmeldung<\/strong> direkt an das Exerzitienhaus des Stiftes unter: <a href=\"mailto:kurse@stiftgoettweig.at\">kurse@stiftgoettweig.at<\/a>, Weitere Informationen <a href=\"http:\/\/www.stiftgoettweig.at\/site\/kalender\/kursprogramm\/calendar\/821.html\" target=\"_blank\">finden Sie hier. <\/a><\/p>\n<p>Dazu laden herzlich ein: <span style=\"color: #3366ff;\"><em>Pfr. Norbert<\/em><\/span> &amp; <em><span style=\"color: #3366ff;\">Gerda Winner<\/span><\/em><\/p>\n","protected":false},"excerpt":{"rendered":"<p>Auch heuer werden diese in der Zeit von 24. August (18.00 Uhr) &#8211; 26. August von P. Johannes Paul Abrahamowicz OSB im Stift G\u00f6ttweig f\u00fcr unsere Pfarre angeboten. Die Kosten f\u00fcr Aufenthalt und N\u00e4chtigung betragen \u20ac 96,&#8211;, der Kursbeitrag ist nach Selbsteinsch\u00e4tzung abzurechnen. P. Johannes Paul hat als Thema: \u201eWas ich \u00fcber unseren Glauben noch [&hellip;]<\/p>\n","protected":false},"author":2,"featured_media":0,"comment_status":"open","ping_status":"open","sticky":false,"template":"","format":"standard","meta":{"ngg_post_thumbnail":0,"footnotes":""},"categories":[7],"tags":[],"class_list":{"0":"post-2494","1":"post","2":"type-post","3":"status-publish","4":"format-standard","6":"category-archiv"},"publishpress_future_action":{"enabled":false,"date":"2026-05-06 22:50:57","action":"category","newStatus":"draft","terms":[],"taxonomy":"category","extraData":[]},"publishpress_future_workflow_manual_trigger":{"enabledWorkflows":[]},"_links":{"self":[{"href":"https:\/\/www.pfarregersthof.at\/komm\/wp-json\/wp\/v2\/posts\/2494","targetHints":{"allow":["GET"]}}],"collection":[{"href":"https:\/\/www.pfarregersthof.at\/komm\/wp-json\/wp\/v2\/posts"}],"about":[{"href":"https:\/\/www.pfarregersthof.at\/komm\/wp-json\/wp\/v2\/types\/post"}],"author":[{"embeddable":true,"href":"https:\/\/www.pfarregersthof.at\/komm\/wp-json\/wp\/v2\/users\/2"}],"replies":[{"embeddable":true,"href":"https:\/\/www.pfarregersthof.at\/komm\/wp-json\/wp\/v2\/comments?post=2494"}],"version-history":[{"count":1,"href":"https:\/\/www.pfarregersthof.at\/komm\/wp-json\/wp\/v2\/posts\/2494\/revisions"}],"predecessor-version":[{"id":2495,"href":"https:\/\/www.pfarregersthof.at\/komm\/wp-json\/wp\/v2\/posts\/2494\/revisions\/2495"}],"wp:attachment":[{"href":"https:\/\/www.pfarregersthof.at\/komm\/wp-json\/wp\/v2\/media?parent=2494"}],"wp:term":[{"taxonomy":"category","embeddable":true,"href":"https:\/\/www.pfarregersthof.at\/komm\/wp-json\/wp\/v2\/categories?post=2494"},{"taxonomy":"post_tag","embeddable":true,"href":"https:\/\/www.pfarregersthof.at\/komm\/wp-json\/wp\/v2\/tags?post=2494"}],"curies":[{"name":"wp","href":"https:\/\/api.w.org\/{rel}","templated":true}]}}