{"id":2498,"date":"2014-06-21T13:44:43","date_gmt":"2014-06-21T11:44:43","guid":{"rendered":"http:\/\/www.pfarregersthof.at\/komm\/?p=2498"},"modified":"2014-07-13T18:45:49","modified_gmt":"2014-07-13T16:45:49","slug":"60plus-jahresausklang-26-6","status":"publish","type":"post","link":"https:\/\/www.pfarregersthof.at\/komm\/2014\/06\/60plus-jahresausklang-26-6\/","title":{"rendered":"60plus: Jahresausklang (26.6.)"},"content":{"rendered":"<p>Wie immer am Ende eines Arbeitsjahres treffen wir einander in gem\u00fctlicher Runde! Diesmal am<strong> 26. Juni ab 16.00 Uhr<\/strong> in der Mayerei im T\u00fcrkenschanzpark.<br \/>\nAuf Ihr\/Dein Kommen freuen sich Sissy P\u00e4chter und das Caritasteam<\/p>\n<p>P.S.: All denen, die nicht daran teilnehmen k\u00f6nnen, w\u00fcnschen wir einen erholsamen Sommer und hoffen auf ein Wiedersehen im September! Termin wird rechtzeitig bekannt gegeben.<\/p>\n","protected":false},"excerpt":{"rendered":"<p>Wie immer am Ende eines Arbeitsjahres treffen wir einander in gem\u00fctlicher Runde! Diesmal am 26. Juni ab 16.00 Uhr in der Mayerei im T\u00fcrkenschanzpark. Auf Ihr\/Dein Kommen freuen sich Sissy P\u00e4chter und das Caritasteam P.S.: All denen, die nicht daran teilnehmen k\u00f6nnen, w\u00fcnschen wir einen erholsamen Sommer und hoffen auf ein Wiedersehen im September! Termin [&hellip;]<\/p>\n","protected":false},"author":2,"featured_media":0,"comment_status":"open","ping_status":"open","sticky":false,"template":"","format":"standard","meta":{"ngg_post_thumbnail":0,"footnotes":""},"categories":[7],"tags":[],"class_list":{"0":"post-2498","1":"post","2":"type-post","3":"status-publish","4":"format-standard","6":"category-archiv"},"publishpress_future_action":{"enabled":false,"date":"2026-05-06 22:55:23","action":"category","newStatus":"draft","terms":[],"taxonomy":"category","extraData":[]},"publishpress_future_workflow_manual_trigger":{"enabledWorkflows":[]},"_links":{"self":[{"href":"https:\/\/www.pfarregersthof.at\/komm\/wp-json\/wp\/v2\/posts\/2498","targetHints":{"allow":["GET"]}}],"collection":[{"href":"https:\/\/www.pfarregersthof.at\/komm\/wp-json\/wp\/v2\/posts"}],"about":[{"href":"https:\/\/www.pfarregersthof.at\/komm\/wp-json\/wp\/v2\/types\/post"}],"author":[{"embeddable":true,"href":"https:\/\/www.pfarregersthof.at\/komm\/wp-json\/wp\/v2\/users\/2"}],"replies":[{"embeddable":true,"href":"https:\/\/www.pfarregersthof.at\/komm\/wp-json\/wp\/v2\/comments?post=2498"}],"version-history":[{"count":1,"href":"https:\/\/www.pfarregersthof.at\/komm\/wp-json\/wp\/v2\/posts\/2498\/revisions"}],"predecessor-version":[{"id":2499,"href":"https:\/\/www.pfarregersthof.at\/komm\/wp-json\/wp\/v2\/posts\/2498\/revisions\/2499"}],"wp:attachment":[{"href":"https:\/\/www.pfarregersthof.at\/komm\/wp-json\/wp\/v2\/media?parent=2498"}],"wp:term":[{"taxonomy":"category","embeddable":true,"href":"https:\/\/www.pfarregersthof.at\/komm\/wp-json\/wp\/v2\/categories?post=2498"},{"taxonomy":"post_tag","embeddable":true,"href":"https:\/\/www.pfarregersthof.at\/komm\/wp-json\/wp\/v2\/tags?post=2498"}],"curies":[{"name":"wp","href":"https:\/\/api.w.org\/{rel}","templated":true}]}}