{"id":2500,"date":"2014-06-21T13:47:19","date_gmt":"2014-06-21T12:47:19","guid":{"rendered":"http:\/\/www.pfarregersthof.at\/komm\/?p=2500"},"modified":"2015-03-01T18:52:41","modified_gmt":"2015-03-01T17:52:41","slug":"hemma-gamillscheg-nicht-mehr-im-sekretariat","status":"publish","type":"post","link":"https:\/\/www.pfarregersthof.at\/komm\/2014\/06\/hemma-gamillscheg-nicht-mehr-im-sekretariat\/","title":{"rendered":"Hemma Gamillscheg: nicht mehr im Sekretariat"},"content":{"rendered":"<p>Mit 31. 8. werde ich meinen hauptamtlichen Dienst im Sekretariat beenden.<\/p>\n<p>Nach 12 Jahren erf\u00fcllt mich diese Entscheidung einerseits mit Wehmut &#8211; ich habe sehr gerne gearbeitet &#8211; erm\u00f6glicht aber auch Freir\u00e4ume u.a. zur Unterst\u00fctzung meiner hoch- betagten Eltern in Graz. Ich bin sehr dankbar f\u00fcr alle Begegnungen und die vielen guten Erfahrungen, die ich machen konnte und m\u00f6chte mich aus dieser Funktion verabschieden.<\/p>\n<p>Meine ehrenamtlichen T\u00e4tigkeiten machen mir Freude und ich stelle sie gerne weiterhin in den Dienst unserer Gemeinde.<\/p>\n<p><span style=\"color: #3366ff;\">Hemma Gamillscheg<\/span><\/p>\n","protected":false},"excerpt":{"rendered":"<p>Mit 31. 8. werde ich meinen hauptamtlichen Dienst im Sekretariat beenden. Nach 12 Jahren erf\u00fcllt mich diese Entscheidung einerseits mit Wehmut &#8211; ich habe sehr gerne gearbeitet &#8211; erm\u00f6glicht aber auch Freir\u00e4ume u.a. zur Unterst\u00fctzung meiner hoch- betagten Eltern in Graz. Ich bin sehr dankbar f\u00fcr alle Begegnungen und die vielen guten Erfahrungen, die ich [&hellip;]<\/p>\n","protected":false},"author":2,"featured_media":0,"comment_status":"open","ping_status":"open","sticky":false,"template":"","format":"standard","meta":{"ngg_post_thumbnail":0,"footnotes":""},"categories":[7],"tags":[],"class_list":{"0":"post-2500","1":"post","2":"type-post","3":"status-publish","4":"format-standard","6":"category-archiv"},"publishpress_future_action":{"enabled":false,"date":"2026-05-06 21:42:00","action":"category","newStatus":"draft","terms":[],"taxonomy":"category","extraData":[]},"publishpress_future_workflow_manual_trigger":{"enabledWorkflows":[]},"_links":{"self":[{"href":"https:\/\/www.pfarregersthof.at\/komm\/wp-json\/wp\/v2\/posts\/2500","targetHints":{"allow":["GET"]}}],"collection":[{"href":"https:\/\/www.pfarregersthof.at\/komm\/wp-json\/wp\/v2\/posts"}],"about":[{"href":"https:\/\/www.pfarregersthof.at\/komm\/wp-json\/wp\/v2\/types\/post"}],"author":[{"embeddable":true,"href":"https:\/\/www.pfarregersthof.at\/komm\/wp-json\/wp\/v2\/users\/2"}],"replies":[{"embeddable":true,"href":"https:\/\/www.pfarregersthof.at\/komm\/wp-json\/wp\/v2\/comments?post=2500"}],"version-history":[{"count":1,"href":"https:\/\/www.pfarregersthof.at\/komm\/wp-json\/wp\/v2\/posts\/2500\/revisions"}],"predecessor-version":[{"id":2501,"href":"https:\/\/www.pfarregersthof.at\/komm\/wp-json\/wp\/v2\/posts\/2500\/revisions\/2501"}],"wp:attachment":[{"href":"https:\/\/www.pfarregersthof.at\/komm\/wp-json\/wp\/v2\/media?parent=2500"}],"wp:term":[{"taxonomy":"category","embeddable":true,"href":"https:\/\/www.pfarregersthof.at\/komm\/wp-json\/wp\/v2\/categories?post=2500"},{"taxonomy":"post_tag","embeddable":true,"href":"https:\/\/www.pfarregersthof.at\/komm\/wp-json\/wp\/v2\/tags?post=2500"}],"curies":[{"name":"wp","href":"https:\/\/api.w.org\/{rel}","templated":true}]}}