{"id":2502,"date":"2014-06-21T13:51:00","date_gmt":"2014-06-21T11:51:00","guid":{"rendered":"http:\/\/www.pfarregersthof.at\/komm\/?p=2502"},"modified":"2014-09-01T10:02:10","modified_gmt":"2014-09-01T08:02:10","slug":"einen-gesegneten-sommer","status":"publish","type":"post","link":"https:\/\/www.pfarregersthof.at\/komm\/2014\/06\/einen-gesegneten-sommer\/","title":{"rendered":"Einen gesegneten Sommer &#8230;"},"content":{"rendered":"<p style=\"text-align: center;\"><em>Geh mit Gottes Segen; Er halte sch\u00fctzend seine H\u00e4nde \u00fcber dir, bewahre deine Gesundheit und dein Leben<\/em><br \/>\n<em>und \u00f6ffne dir Augen und Ohren f\u00fcr die Wunder der Welt.<\/em><br \/>\n<em>Er schenke dir Zeit, zu verweilen, wo es deiner Seele bekommt.<\/em><br \/>\n<em>Er schenke dir Mu\u00dfe, zu schauen, was deinen Augen wohl tut.<\/em><br \/>\n<em>Er schenke dir Br\u00fccken, wo der Weg zu enden scheint und Menschen, die dir in Frieden Herberge gew\u00e4hren.<\/em><br \/>\n<em>Der Herr segne, die dich begleiten und dir begegnen.<\/em><br \/>\n<em>Er halte Streit und \u00dcbles fern von dir. Er mache dein Herz froh,<\/em><br \/>\n<em>deine Blicke weit und deine F\u00fc\u00dfe stark.<\/em><br \/>\n<em>Der Herr bewahre dich und uns und schenke uns ein gl\u00fcckliches Wiedersehen.<\/em><\/p>\n<p><a href=\"https:\/\/www.pfarregersthof.at\/komm\/wp-content\/uploads\/2013\/06\/20120807-IMG_5764.jpg\"><img loading=\"lazy\" decoding=\"async\" class=\"alignright size-medium wp-image-1746\" src=\"https:\/\/www.pfarregersthof.at\/komm\/wp-content\/uploads\/2013\/06\/20120807-IMG_5764-300x200.jpg\" alt=\"Foto: Michael W. Steidl\" width=\"300\" height=\"200\" srcset=\"https:\/\/www.pfarregersthof.at\/komm\/wp-content\/uploads\/2013\/06\/20120807-IMG_5764-300x200.jpg 300w, https:\/\/www.pfarregersthof.at\/komm\/wp-content\/uploads\/2013\/06\/20120807-IMG_5764-150x100.jpg 150w, https:\/\/www.pfarregersthof.at\/komm\/wp-content\/uploads\/2013\/06\/20120807-IMG_5764-800x534.jpg 800w, https:\/\/www.pfarregersthof.at\/komm\/wp-content\/uploads\/2013\/06\/20120807-IMG_5764-768x512.jpg 768w, https:\/\/www.pfarregersthof.at\/komm\/wp-content\/uploads\/2013\/06\/20120807-IMG_5764.jpg 1000w\" sizes=\"auto, (max-width: 300px) 100vw, 300px\" \/><\/a>Am Ende des Arbeitsjahres sagen wir Dank f\u00fcr ALLES:<br \/>\nMitgehen, Mitdenken, Mitreden, Mittun, Mitfeiern und Mitverantworten, kurz: f\u00fcr alles GEMEINSAME, f\u00fcr alles Gute, das in der Gemeinde getan wurde.<br \/>\nBesonders danken wir allen, die unser Tun und Wollen im Gebet begleitet haben \u2026.<br \/>\nWir w\u00fcnschen Euch\/Ihnen eine gute Urlaubs- und Ferienzeit und danach eine gute Heimkehr zu frohem und begl\u00fcckendem Neubeginn!<\/p>\n<p><em>Pfarrer Norbert, Diakon Toni, Diakon Uwe, Aushilfskaplan Suresh, Pastoralassistentin Gerda, Norbert Kaiser<\/em><br \/>\n<em>Das Sekretariatsteam: Elisabeth Kromer &amp; Hemma Gamillscheg, und f\u00fcr die Reinigung Sana Mustafic<\/em><br \/>\n<em>Peter Kucera f\u00fcr den Pfarrgemeinderat<\/em><\/p>\n","protected":false},"excerpt":{"rendered":"<p>Geh mit Gottes Segen; Er halte sch\u00fctzend seine H\u00e4nde \u00fcber dir, bewahre deine Gesundheit und dein Leben und \u00f6ffne dir Augen und Ohren f\u00fcr die Wunder der Welt. Er schenke dir Zeit, zu verweilen, wo es deiner Seele bekommt. Er schenke dir Mu\u00dfe, zu schauen, was deinen Augen wohl tut. Er schenke dir Br\u00fccken, wo [&hellip;]<\/p>\n","protected":false},"author":2,"featured_media":1746,"comment_status":"open","ping_status":"open","sticky":false,"template":"","format":"standard","meta":{"ngg_post_thumbnail":0,"footnotes":""},"categories":[7],"tags":[],"class_list":{"0":"post-2502","1":"post","2":"type-post","3":"status-publish","4":"format-standard","5":"has-post-thumbnail","7":"category-archiv"},"publishpress_future_action":{"enabled":false,"date":"2026-05-06 19:05:25","action":"category","newStatus":"draft","terms":[],"taxonomy":"category","extraData":[]},"publishpress_future_workflow_manual_trigger":{"enabledWorkflows":[]},"_links":{"self":[{"href":"https:\/\/www.pfarregersthof.at\/komm\/wp-json\/wp\/v2\/posts\/2502","targetHints":{"allow":["GET"]}}],"collection":[{"href":"https:\/\/www.pfarregersthof.at\/komm\/wp-json\/wp\/v2\/posts"}],"about":[{"href":"https:\/\/www.pfarregersthof.at\/komm\/wp-json\/wp\/v2\/types\/post"}],"author":[{"embeddable":true,"href":"https:\/\/www.pfarregersthof.at\/komm\/wp-json\/wp\/v2\/users\/2"}],"replies":[{"embeddable":true,"href":"https:\/\/www.pfarregersthof.at\/komm\/wp-json\/wp\/v2\/comments?post=2502"}],"version-history":[{"count":1,"href":"https:\/\/www.pfarregersthof.at\/komm\/wp-json\/wp\/v2\/posts\/2502\/revisions"}],"predecessor-version":[{"id":2503,"href":"https:\/\/www.pfarregersthof.at\/komm\/wp-json\/wp\/v2\/posts\/2502\/revisions\/2503"}],"wp:featuredmedia":[{"embeddable":true,"href":"https:\/\/www.pfarregersthof.at\/komm\/wp-json\/wp\/v2\/media\/1746"}],"wp:attachment":[{"href":"https:\/\/www.pfarregersthof.at\/komm\/wp-json\/wp\/v2\/media?parent=2502"}],"wp:term":[{"taxonomy":"category","embeddable":true,"href":"https:\/\/www.pfarregersthof.at\/komm\/wp-json\/wp\/v2\/categories?post=2502"},{"taxonomy":"post_tag","embeddable":true,"href":"https:\/\/www.pfarregersthof.at\/komm\/wp-json\/wp\/v2\/tags?post=2502"}],"curies":[{"name":"wp","href":"https:\/\/api.w.org\/{rel}","templated":true}]}}