{"id":2509,"date":"2014-07-06T18:46:48","date_gmt":"2014-07-06T16:46:48","guid":{"rendered":"http:\/\/www.pfarregersthof.at\/komm\/?p=2509"},"modified":"2014-09-28T19:15:03","modified_gmt":"2014-09-28T17:15:03","slug":"firmfest-war-der-hoehepunkt","status":"publish","type":"post","link":"https:\/\/www.pfarregersthof.at\/komm\/2014\/07\/firmfest-war-der-hoehepunkt\/","title":{"rendered":"Firmfest war der H\u00f6hepunkt"},"content":{"rendered":"<p>Die Vorbereitungszeit auf die Firmung hat ihren H\u00f6hepunkt im heurigen Firmfest am 15.6.2014 gefunden. Insgesamt 54 FirmkandidatInnen wurden von unserem Firmspender Propst Maximilian F\u00fcrnsinn aus dem Stift Herzogenburg im Sonntagsgottesdienst um 10:00 Uhr gefirmt. Ein stimmungsvolles Fest f\u00fcr alle!<\/p>\n<p><a href=\"https:\/\/www.pfarregersthof.at\/komm\/wp-content\/uploads\/2014\/07\/Firmung2014-1.jpg\"><img loading=\"lazy\" decoding=\"async\" class=\"alignleft size-medium wp-image-2523\" src=\"https:\/\/www.pfarregersthof.at\/komm\/wp-content\/uploads\/2014\/07\/Firmung2014-1-300x200.jpg\" alt=\"Firmung2014-1\" width=\"300\" height=\"200\" srcset=\"https:\/\/www.pfarregersthof.at\/komm\/wp-content\/uploads\/2014\/07\/Firmung2014-1-300x200.jpg 300w, https:\/\/www.pfarregersthof.at\/komm\/wp-content\/uploads\/2014\/07\/Firmung2014-1-150x100.jpg 150w, https:\/\/www.pfarregersthof.at\/komm\/wp-content\/uploads\/2014\/07\/Firmung2014-1-768x513.jpg 768w, https:\/\/www.pfarregersthof.at\/komm\/wp-content\/uploads\/2014\/07\/Firmung2014-1.jpg 800w\" sizes=\"auto, (max-width: 300px) 100vw, 300px\" \/><\/a><a href=\"https:\/\/www.pfarregersthof.at\/komm\/wp-content\/uploads\/2014\/07\/Firmung2014-2.jpg\"><img loading=\"lazy\" decoding=\"async\" class=\"alignnone size-medium wp-image-2522\" src=\"https:\/\/www.pfarregersthof.at\/komm\/wp-content\/uploads\/2014\/07\/Firmung2014-2-200x300.jpg\" alt=\"Firmung2014-2\" width=\"200\" height=\"300\" srcset=\"https:\/\/www.pfarregersthof.at\/komm\/wp-content\/uploads\/2014\/07\/Firmung2014-2-200x300.jpg 200w, https:\/\/www.pfarregersthof.at\/komm\/wp-content\/uploads\/2014\/07\/Firmung2014-2-100x150.jpg 100w, https:\/\/www.pfarregersthof.at\/komm\/wp-content\/uploads\/2014\/07\/Firmung2014-2.jpg 534w\" sizes=\"auto, (max-width: 200px) 100vw, 200px\" \/><\/a><a href=\"https:\/\/www.pfarregersthof.at\/komm\/wp-content\/uploads\/2014\/07\/Firmung2014-3.jpg\"><img loading=\"lazy\" decoding=\"async\" class=\"alignnone size-medium wp-image-2521\" src=\"https:\/\/www.pfarregersthof.at\/komm\/wp-content\/uploads\/2014\/07\/Firmung2014-3-300x226.jpg\" alt=\"Firmung2014-3\" width=\"300\" height=\"226\" \/><\/a><\/p>\n<p>Die Zeit der Vorbereitung war lang und intensiv, gepr\u00e4gt von Begegnungen bei Impulstreffen, Gottesdiensten und Aktionen. Begonnen hat alles mit dem <a href=\"https:\/\/www.pfarregersthof.at\/komm\/2013\/11\/start-firmvorbereitung-2014\/\">Firmwochenende in G\u00f6ttweig<\/a>, das dem Kennenlernen und dem Einstellen auf das Thema Firmung diente. \u201awer sich auf den Weg macht, soll auf Balance achten \u2013 \u00e4u\u00dfere und innere Balance f\u00fchren uns zu unserer Mitte\u2018 war ein Leitgedanke dabei.<\/p>\n<p><a href=\"https:\/\/www.pfarregersthof.at\/komm\/wp-content\/uploads\/2014\/07\/Firmung2014-4.jpg\"><img loading=\"lazy\" decoding=\"async\" class=\"alignleft size-medium wp-image-2520\" src=\"https:\/\/www.pfarregersthof.at\/komm\/wp-content\/uploads\/2014\/07\/Firmung2014-4-300x277.jpg\" alt=\"Firmung2014-4\" width=\"300\" height=\"277\" \/><\/a><a href=\"https:\/\/www.pfarregersthof.at\/komm\/wp-content\/uploads\/2014\/07\/Firmung2014-5.jpg\"><img loading=\"lazy\" decoding=\"async\" class=\"alignnone size-medium wp-image-2525\" src=\"https:\/\/www.pfarregersthof.at\/komm\/wp-content\/uploads\/2014\/07\/Firmung2014-5-209x300.jpg\" alt=\"Firmung2014-5\" width=\"209\" height=\"300\" \/><\/a><\/p>\n<p>Die FirmkandidatInnen trafen sich danach mit den Lotsen, Menschen aus unserer Gemeinde, die w\u00e4hrend der Firmvorbereitung die Jugendlichen begleiten und mit ihnen verschiedene Aktionen planen und erleben.<\/p>\n<p><a href=\"https:\/\/www.pfarregersthof.at\/komm\/wp-content\/uploads\/2014\/07\/Firmung2014-6.jpg\"><img loading=\"lazy\" decoding=\"async\" class=\"alignleft size-medium wp-image-2519\" src=\"https:\/\/www.pfarregersthof.at\/komm\/wp-content\/uploads\/2014\/07\/Firmung2014-6-300x189.jpg\" alt=\"Firmung2014-6\" width=\"300\" height=\"189\" srcset=\"https:\/\/www.pfarregersthof.at\/komm\/wp-content\/uploads\/2014\/07\/Firmung2014-6-300x189.jpg 300w, https:\/\/www.pfarregersthof.at\/komm\/wp-content\/uploads\/2014\/07\/Firmung2014-6-150x95.jpg 150w, https:\/\/www.pfarregersthof.at\/komm\/wp-content\/uploads\/2014\/07\/Firmung2014-6-768x484.jpg 768w, https:\/\/www.pfarregersthof.at\/komm\/wp-content\/uploads\/2014\/07\/Firmung2014-6.jpg 800w\" sizes=\"auto, (max-width: 300px) 100vw, 300px\" \/><\/a><a href=\"https:\/\/www.pfarregersthof.at\/komm\/wp-content\/uploads\/2014\/07\/Firmung2014-7.jpg\"><img loading=\"lazy\" decoding=\"async\" class=\"alignleft size-medium wp-image-2518\" src=\"https:\/\/www.pfarregersthof.at\/komm\/wp-content\/uploads\/2014\/07\/Firmung2014-7-300x182.jpg\" alt=\"Firmung2014-7\" width=\"300\" height=\"182\" srcset=\"https:\/\/www.pfarregersthof.at\/komm\/wp-content\/uploads\/2014\/07\/Firmung2014-7-300x182.jpg 300w, https:\/\/www.pfarregersthof.at\/komm\/wp-content\/uploads\/2014\/07\/Firmung2014-7-150x91.jpg 150w, https:\/\/www.pfarregersthof.at\/komm\/wp-content\/uploads\/2014\/07\/Firmung2014-7-768x467.jpg 768w, https:\/\/www.pfarregersthof.at\/komm\/wp-content\/uploads\/2014\/07\/Firmung2014-7.jpg 800w\" sizes=\"auto, (max-width: 300px) 100vw, 300px\" \/><\/a>Das erste Impulstreffen zum Thema <strong>Kirche \u2013 Gemeinde<\/strong> warf die Fragen auf:<\/p>\n<p>* was ist Gemeinschaft, wer oder was ist Kirche, Auftr\u00e4ge der Gemeinde und der Auftrag Jesu.<\/p>\n<p>* \u201aWas erwarte ich mir von meiner Kirche\u2018<\/p>\n<p>\u2013 daraus formulierten die FirmkandidatInnen ihre W\u00fcnsche an die Kirche.<\/p>\n<p>Bei der <a href=\"https:\/\/www.pfarregersthof.at\/komm\/2013\/12\/firmkandidaten-vorstellung-mit-wuenschen\/\">Vorstellung der FirmkandidatInnen<\/a> im darauffolgenden Gemeindegottesdienst berichteten sie der Gemeinde von ihren W\u00fcnschen an die Kirche.<\/p>\n<p>Der Impuls <strong>Bibel \u2013 Gottes Botschaft f\u00fcr uns Menschen<\/strong> wurde von Pfarrer Norbert und PAss Gerda einbegleitet. Das Kennenlernen verschiedener Bibelstellen, ein Bibelquiz, eine Biblische Jause und das Erstellen von PR Plakaten f\u00fcr die Bibel waren Aufgaben zum Impuls, die Frage was bringt die Bibel mir pers\u00f6nlich war ein Denkansto\u00df zum Thema.<\/p>\n<p><a href=\"https:\/\/www.pfarregersthof.at\/komm\/wp-content\/uploads\/2014\/07\/Firmung2014-8.jpg\"><img loading=\"lazy\" decoding=\"async\" class=\"alignleft size-thumbnail wp-image-2517\" src=\"https:\/\/www.pfarregersthof.at\/komm\/wp-content\/uploads\/2014\/07\/Firmung2014-8-150x95.jpg\" alt=\"Firmung2014-8\" width=\"150\" height=\"95\" srcset=\"https:\/\/www.pfarregersthof.at\/komm\/wp-content\/uploads\/2014\/07\/Firmung2014-8-150x95.jpg 150w, https:\/\/www.pfarregersthof.at\/komm\/wp-content\/uploads\/2014\/07\/Firmung2014-8-300x191.jpg 300w, https:\/\/www.pfarregersthof.at\/komm\/wp-content\/uploads\/2014\/07\/Firmung2014-8-768x489.jpg 768w, https:\/\/www.pfarregersthof.at\/komm\/wp-content\/uploads\/2014\/07\/Firmung2014-8.jpg 800w\" sizes=\"auto, (max-width: 150px) 100vw, 150px\" \/><\/a><a href=\"https:\/\/www.pfarregersthof.at\/komm\/wp-content\/uploads\/2014\/07\/Firmung2014-9.jpg\"><img loading=\"lazy\" decoding=\"async\" class=\"alignnone size-thumbnail wp-image-2524\" src=\"https:\/\/www.pfarregersthof.at\/komm\/wp-content\/uploads\/2014\/07\/Firmung2014-9-150x89.jpg\" alt=\"Firmung2014-9\" width=\"150\" height=\"89\" \/><\/a><a href=\"https:\/\/www.pfarregersthof.at\/komm\/wp-content\/uploads\/2014\/07\/Firmung2014-10.jpg\"><img loading=\"lazy\" decoding=\"async\" class=\"alignright wp-image-2516 size-thumbnail\" src=\"https:\/\/www.pfarregersthof.at\/komm\/wp-content\/uploads\/2014\/07\/Firmung2014-10-150x99.jpg\" alt=\"Firmung2014-10\" width=\"150\" height=\"99\" \/><\/a><\/p>\n<p>Das <strong>Credo<\/strong>, Thema eines weiteren Impulstreffens, lie\u00df die Jungen Menschen \u00fcber den Glauben nachdenken. Die Bedeutung des Credos in den gro\u00dfen monotheistischen Religionen, woher kommt unser Credo, Credo Texte in hebr\u00e4isch, altgriechisch und arabisch sowie das Studium verschiedener Credotexte forderte die FirmkandidatInnen heraus, ihr pers\u00f6nliches Credo, \u201aworan ich glaube \u2018 , zu verfassen. Diese Bekenntnisse haben die FirmkandidatInnen im Gemeindegottesdienst den Anwesenden vorgetragen.<\/p>\n<p><a href=\"https:\/\/www.pfarregersthof.at\/komm\/wp-content\/uploads\/2014\/07\/Firmung2014-11.jpg\"><img loading=\"lazy\" decoding=\"async\" class=\"alignleft size-thumbnail wp-image-2515\" src=\"https:\/\/www.pfarregersthof.at\/komm\/wp-content\/uploads\/2014\/07\/Firmung2014-11-103x150.jpg\" alt=\"Firmung2014-11\" width=\"103\" height=\"150\" srcset=\"https:\/\/www.pfarregersthof.at\/komm\/wp-content\/uploads\/2014\/07\/Firmung2014-11-103x150.jpg 103w, https:\/\/www.pfarregersthof.at\/komm\/wp-content\/uploads\/2014\/07\/Firmung2014-11-206x300.jpg 206w, https:\/\/www.pfarregersthof.at\/komm\/wp-content\/uploads\/2014\/07\/Firmung2014-11.jpg 550w\" sizes=\"auto, (max-width: 103px) 100vw, 103px\" \/><\/a>Im Laufe der Vorbereitungszeit wollte Pfarrer Norbert jeden Firmkandidaten und jede Firmkandidatin pers\u00f6nlich kennenlernen und allen die M\u00f6glichkeit zu einem Gespr\u00e4ch geben.<\/p>\n<p><strong>Sozialengagement<\/strong>, ein Impuls zu aktueller Problematik. Soziale Verantwortung wecken, was kann ich tun, was empfinde ich als sozial\/asozial, wieviel Engagement ist gefragt?<\/p>\n<p><a href=\"https:\/\/www.pfarregersthof.at\/komm\/wp-content\/uploads\/2014\/07\/Firmung2014-12.jpg\"><img loading=\"lazy\" decoding=\"async\" class=\"alignleft size-thumbnail wp-image-2511\" src=\"https:\/\/www.pfarregersthof.at\/komm\/wp-content\/uploads\/2014\/07\/Firmung2014-12-150x110.jpg\" alt=\"Firmung2014-12\" width=\"150\" height=\"110\" \/><\/a>Der Impuls brachte einerseits einen Einblick in die Organisation der Caritas und gab auch Frau Annemarie Kury die M\u00f6glichkeit, ihre Privatinitiative \u201aBosnienhilfe\u2018 vorzustellen. Auf die Frage, was kann die Gruppe der Firmkandidatinnen tun, war spontan die Idee eines Sozialprojekts f\u00fcr Bosnien auf dem Plan, das von den FirmkandidatInnen mit Begeisterung angegangen wurde.<\/p>\n<p><a href=\"https:\/\/www.pfarregersthof.at\/komm\/wp-content\/uploads\/2014\/07\/Firmung2014-13.jpg\"><img loading=\"lazy\" decoding=\"async\" class=\"alignleft size-medium wp-image-2514\" src=\"https:\/\/www.pfarregersthof.at\/komm\/wp-content\/uploads\/2014\/07\/Firmung2014-13-300x189.jpg\" alt=\"Firmung2014-13\" width=\"300\" height=\"189\" srcset=\"https:\/\/www.pfarregersthof.at\/komm\/wp-content\/uploads\/2014\/07\/Firmung2014-13-300x189.jpg 300w, https:\/\/www.pfarregersthof.at\/komm\/wp-content\/uploads\/2014\/07\/Firmung2014-13-150x95.jpg 150w, https:\/\/www.pfarregersthof.at\/komm\/wp-content\/uploads\/2014\/07\/Firmung2014-13-768x484.jpg 768w, https:\/\/www.pfarregersthof.at\/komm\/wp-content\/uploads\/2014\/07\/Firmung2014-13.jpg 800w\" sizes=\"auto, (max-width: 300px) 100vw, 300px\" \/><\/a>Die Rockmesse, der etwas andere Gottesdienst f\u00fcr junge Menschen mit dem Titel \u201a<strong>Rock and Pray<\/strong>\u2018 brachte eine spannende Mischung aus Rockmusik und Me\u00dffeier, die von den jungen Menschen und den anwesenden Gemeindemitgliedern mit Begeisterung aufgenommen wurde.<\/p>\n<p>Anfang April gab es in Eggenburg das Wochenende zur Vertiefung und Entscheidung. Die FirmkandidatInnen konkretisierten zun\u00e4chst ihre Ideen zum Sozialprojekt und planten daf\u00fcr verschiedene Aktionen. Das Thema Bu\u00dfe und Vers\u00f6hnung, welche Lasten nehmen wir auf und tragen wir mit uns, welche Erleichterung bringt es, sie wieder los zu werden, waren Denkanst\u00f6\u00dfe sowohl im Bu\u00dfgottesdienst als auch beim bewegten Morgenlob. Die Begegnung mit dem Firmspender war die Gelegenheit, Propst Maximilian kennenzulernen und an ihn Fragen zu richten, die er bereitwilligst und humorvoll beantwortete. Die FirmkandidatInnen waren aufgefordert, ihre <strong>Entscheidung<\/strong>, sich firmen zu lassen, in einem Brief an Pfarrer Norbert zu formulieren. Diese Briefe \u00fcbergaben sie letztendlich beim abschlie\u00dfenden Wortgottesdienst.<\/p>\n<p><a href=\"https:\/\/www.pfarregersthof.at\/komm\/wp-content\/uploads\/2014\/07\/Firmung2014-14.jpg\"><img loading=\"lazy\" decoding=\"async\" class=\"alignleft size-medium wp-image-2513\" src=\"https:\/\/www.pfarregersthof.at\/komm\/wp-content\/uploads\/2014\/07\/Firmung2014-14-300x225.jpg\" alt=\"Firmung2014-14\" width=\"300\" height=\"225\" srcset=\"https:\/\/www.pfarregersthof.at\/komm\/wp-content\/uploads\/2014\/07\/Firmung2014-14-300x225.jpg 300w, https:\/\/www.pfarregersthof.at\/komm\/wp-content\/uploads\/2014\/07\/Firmung2014-14-150x113.jpg 150w, https:\/\/www.pfarregersthof.at\/komm\/wp-content\/uploads\/2014\/07\/Firmung2014-14-768x576.jpg 768w, https:\/\/www.pfarregersthof.at\/komm\/wp-content\/uploads\/2014\/07\/Firmung2014-14.jpg 800w\" sizes=\"auto, (max-width: 300px) 100vw, 300px\" \/><\/a><a href=\"https:\/\/www.pfarregersthof.at\/komm\/wp-content\/uploads\/2014\/07\/Firmung2014-15.jpg\"><img loading=\"lazy\" decoding=\"async\" class=\"alignnone size-medium wp-image-2512\" src=\"https:\/\/www.pfarregersthof.at\/komm\/wp-content\/uploads\/2014\/07\/Firmung2014-15-300x225.jpg\" alt=\"Firmung2014-15\" width=\"300\" height=\"225\" srcset=\"https:\/\/www.pfarregersthof.at\/komm\/wp-content\/uploads\/2014\/07\/Firmung2014-15-300x225.jpg 300w, https:\/\/www.pfarregersthof.at\/komm\/wp-content\/uploads\/2014\/07\/Firmung2014-15-150x113.jpg 150w, https:\/\/www.pfarregersthof.at\/komm\/wp-content\/uploads\/2014\/07\/Firmung2014-15-768x576.jpg 768w, https:\/\/www.pfarregersthof.at\/komm\/wp-content\/uploads\/2014\/07\/Firmung2014-15.jpg 800w\" sizes=\"auto, (max-width: 300px) 100vw, 300px\" \/><\/a><\/p>\n<p>Die Spirituelle Wanderung von Gersthof zur Neulandschule war dem Treffen mit den Paten gewidmet und hatte das Thema \u201a<strong>meine Begabungen, meine Talente<\/strong>\u2018 zum Inhalt. Was ist mir geschenkt, was habe ich noch zu entdecken, wie kann ich meine Begabungen einsetzen. Meine Begabungen\/Talente &#8211; ein tieferes Sehen, was steckt dahinter, welche Auftr\u00e4ge haben wir \u2026 All diese Gedanken und Impulse gipfelten in der Bitte um die Gaben des heiligen Geistes.<\/p>\n<p>Den Abschluss bildete ein geselliges Beisammensein beim Heurigen.<\/p>\n<p>Der letzte Impuls galt dem Thema <strong>Firmung-Komm heiliger Geist<\/strong>. Nochmals wurden die Gaben des Hl. Geistes in einer Meditation, einer theologischen Interpretation, in Formulierung von Bitten und Darstellung zum Verst\u00e4ndnis gebracht. Schlussendlich gab es dann auch noch Informationen zum Firmfest selbst und eine Planung zur aktiven Teilnahme mit Aufgaben und Rollen am Festtag.<\/p>\n<h3>Information und Anmeldung zur Firmung 2015:<\/h3>\n<p><strong>25. September und 2. Oktober 2014, 19:00 Uhr, Gemeindezentrum (Bastiengasse 18)<\/strong><\/p>\n","protected":false},"excerpt":{"rendered":"<p>Die Vorbereitungszeit auf die Firmung hat ihren H\u00f6hepunkt im heurigen Firmfest am 15.6.2014 gefunden. Insgesamt 54 FirmkandidatInnen wurden von unserem Firmspender Propst Maximilian F\u00fcrnsinn aus dem Stift Herzogenburg im Sonntagsgottesdienst um 10:00 Uhr gefirmt. Ein stimmungsvolles Fest f\u00fcr alle! Die Zeit der Vorbereitung war lang und intensiv, gepr\u00e4gt von Begegnungen bei Impulstreffen, Gottesdiensten und Aktionen. [&hellip;]<\/p>\n","protected":false},"author":2,"featured_media":2521,"comment_status":"open","ping_status":"open","sticky":false,"template":"","format":"standard","meta":{"ngg_post_thumbnail":0,"footnotes":""},"categories":[5],"tags":[],"class_list":{"0":"post-2509","1":"post","2":"type-post","3":"status-publish","4":"format-standard","5":"has-post-thumbnail","7":"category-was-gewesen-ist"},"publishpress_future_action":{"enabled":false,"date":"2026-05-06 17:38:34","action":"category","newStatus":"draft","terms":[],"taxonomy":"category","extraData":[]},"publishpress_future_workflow_manual_trigger":{"enabledWorkflows":[]},"_links":{"self":[{"href":"https:\/\/www.pfarregersthof.at\/komm\/wp-json\/wp\/v2\/posts\/2509","targetHints":{"allow":["GET"]}}],"collection":[{"href":"https:\/\/www.pfarregersthof.at\/komm\/wp-json\/wp\/v2\/posts"}],"about":[{"href":"https:\/\/www.pfarregersthof.at\/komm\/wp-json\/wp\/v2\/types\/post"}],"author":[{"embeddable":true,"href":"https:\/\/www.pfarregersthof.at\/komm\/wp-json\/wp\/v2\/users\/2"}],"replies":[{"embeddable":true,"href":"https:\/\/www.pfarregersthof.at\/komm\/wp-json\/wp\/v2\/comments?post=2509"}],"version-history":[{"count":5,"href":"https:\/\/www.pfarregersthof.at\/komm\/wp-json\/wp\/v2\/posts\/2509\/revisions"}],"predecessor-version":[{"id":2529,"href":"https:\/\/www.pfarregersthof.at\/komm\/wp-json\/wp\/v2\/posts\/2509\/revisions\/2529"}],"wp:featuredmedia":[{"embeddable":true,"href":"https:\/\/www.pfarregersthof.at\/komm\/wp-json\/wp\/v2\/media\/2521"}],"wp:attachment":[{"href":"https:\/\/www.pfarregersthof.at\/komm\/wp-json\/wp\/v2\/media?parent=2509"}],"wp:term":[{"taxonomy":"category","embeddable":true,"href":"https:\/\/www.pfarregersthof.at\/komm\/wp-json\/wp\/v2\/categories?post=2509"},{"taxonomy":"post_tag","embeddable":true,"href":"https:\/\/www.pfarregersthof.at\/komm\/wp-json\/wp\/v2\/tags?post=2509"}],"curies":[{"name":"wp","href":"https:\/\/api.w.org\/{rel}","templated":true}]}}