{"id":2568,"date":"2014-09-01T10:05:42","date_gmt":"2014-09-01T08:05:42","guid":{"rendered":"http:\/\/www.pfarregersthof.at\/komm\/?p=2568"},"modified":"2014-09-19T18:19:12","modified_gmt":"2014-09-19T16:19:12","slug":"waehringer-strassenfest-19-9","status":"publish","type":"post","link":"https:\/\/www.pfarregersthof.at\/komm\/2014\/09\/waehringer-strassenfest-19-9\/","title":{"rendered":"W\u00e4hringer Stra\u00dfenfest (19.9.)"},"content":{"rendered":"<p>Das W\u00e4hringer Stra\u00dfenfest, schon zur Tradition geworden als Initiative der Gesch\u00e4ftsleute, findet es am Freitag,19.September 2014, zwischen 12:00 und 20.00 statt.<\/p>\n<p>Inmitten der Flaniermeile ist ein Info-Stand der christlichen Gemeinden unseres Bezirkes aufgebaut. Dieser Stand vor der W\u00e4hringer Pfarrkirche braucht pr\u00e4sente Gespr\u00e4chspartnerInnen, auch nur stundenweise, zwischen 14:00 und 18:00 Uhr.<\/p>\n<p>Meldungen nehme ich gerne entgegen und motiviere zu diesem werbewirksamen Dienst auf Augenh\u00f6he mit allen Generationen<br \/>\n<span style=\"color: #3366ff;\"><em>Pfarrer Norbert<\/em><\/span><\/p>\n","protected":false},"excerpt":{"rendered":"<p>Das W\u00e4hringer Stra\u00dfenfest, schon zur Tradition geworden als Initiative der Gesch\u00e4ftsleute, findet es am Freitag,19.September 2014, zwischen 12:00 und 20.00 statt. Inmitten der Flaniermeile ist ein Info-Stand der christlichen Gemeinden unseres Bezirkes aufgebaut. Dieser Stand vor der W\u00e4hringer Pfarrkirche braucht pr\u00e4sente Gespr\u00e4chspartnerInnen, auch nur stundenweise, zwischen 14:00 und 18:00 Uhr. Meldungen nehme ich gerne entgegen [&hellip;]<\/p>\n","protected":false},"author":2,"featured_media":0,"comment_status":"open","ping_status":"open","sticky":false,"template":"","format":"standard","meta":{"ngg_post_thumbnail":0,"footnotes":""},"categories":[7],"tags":[],"class_list":{"0":"post-2568","1":"post","2":"type-post","3":"status-publish","4":"format-standard","6":"category-archiv"},"publishpress_future_action":{"enabled":false,"date":"2026-05-08 08:41:34","action":"category","newStatus":"draft","terms":[],"taxonomy":"category","extraData":[]},"publishpress_future_workflow_manual_trigger":{"enabledWorkflows":[]},"_links":{"self":[{"href":"https:\/\/www.pfarregersthof.at\/komm\/wp-json\/wp\/v2\/posts\/2568","targetHints":{"allow":["GET"]}}],"collection":[{"href":"https:\/\/www.pfarregersthof.at\/komm\/wp-json\/wp\/v2\/posts"}],"about":[{"href":"https:\/\/www.pfarregersthof.at\/komm\/wp-json\/wp\/v2\/types\/post"}],"author":[{"embeddable":true,"href":"https:\/\/www.pfarregersthof.at\/komm\/wp-json\/wp\/v2\/users\/2"}],"replies":[{"embeddable":true,"href":"https:\/\/www.pfarregersthof.at\/komm\/wp-json\/wp\/v2\/comments?post=2568"}],"version-history":[{"count":1,"href":"https:\/\/www.pfarregersthof.at\/komm\/wp-json\/wp\/v2\/posts\/2568\/revisions"}],"predecessor-version":[{"id":2569,"href":"https:\/\/www.pfarregersthof.at\/komm\/wp-json\/wp\/v2\/posts\/2568\/revisions\/2569"}],"wp:attachment":[{"href":"https:\/\/www.pfarregersthof.at\/komm\/wp-json\/wp\/v2\/media?parent=2568"}],"wp:term":[{"taxonomy":"category","embeddable":true,"href":"https:\/\/www.pfarregersthof.at\/komm\/wp-json\/wp\/v2\/categories?post=2568"},{"taxonomy":"post_tag","embeddable":true,"href":"https:\/\/www.pfarregersthof.at\/komm\/wp-json\/wp\/v2\/tags?post=2568"}],"curies":[{"name":"wp","href":"https:\/\/api.w.org\/{rel}","templated":true}]}}