{"id":2596,"date":"2014-09-13T18:13:25","date_gmt":"2014-09-13T16:13:25","guid":{"rendered":"http:\/\/www.pfarregersthof.at\/komm\/?p=2596"},"modified":"2014-09-28T19:13:43","modified_gmt":"2014-09-28T17:13:43","slug":"benefizkonzert-20-9","status":"publish","type":"post","link":"https:\/\/www.pfarregersthof.at\/komm\/2014\/09\/benefizkonzert-20-9\/","title":{"rendered":"Benefizkonzert (20.9.)"},"content":{"rendered":"<p>F\u00fcr Samstag, 20. 9., um 19:45 Uhr laden Neugefirmte aus dem Juni 2014 ein zu einem Benefizkonzert &#8222;Steps of Hope&#8220; in die Pfarrkirche.<\/p>\n<p>Der Erl\u00f6s wird an Annemarie Kury \u00fcbergeben als Spende f\u00fcr das Tageszentrum Koraci Nade inTuzla, Bosnien-Herzegowina. Bitte kommen Sie zahlreich, um diese gute Sache zu unterst\u00fctzen!<\/p>\n<p><span style=\"color: #3366ff;\"><em>Rafael Steindl mit den Neugefirmten<\/em><\/span><\/p>\n","protected":false},"excerpt":{"rendered":"<p>F\u00fcr Samstag, 20. 9., um 19:45 Uhr laden Neugefirmte aus dem Juni 2014 ein zu einem Benefizkonzert &#8222;Steps of Hope&#8220; in die Pfarrkirche. Der Erl\u00f6s wird an Annemarie Kury \u00fcbergeben als Spende f\u00fcr das Tageszentrum Koraci Nade inTuzla, Bosnien-Herzegowina. Bitte kommen Sie zahlreich, um diese gute Sache zu unterst\u00fctzen! Rafael Steindl mit den Neugefirmten<\/p>\n","protected":false},"author":2,"featured_media":0,"comment_status":"open","ping_status":"open","sticky":false,"template":"","format":"standard","meta":{"ngg_post_thumbnail":0,"footnotes":""},"categories":[7],"tags":[],"class_list":{"0":"post-2596","1":"post","2":"type-post","3":"status-publish","4":"format-standard","6":"category-archiv"},"publishpress_future_action":{"enabled":false,"date":"2026-05-10 14:21:28","action":"category","newStatus":"draft","terms":[],"taxonomy":"category","extraData":[]},"publishpress_future_workflow_manual_trigger":{"enabledWorkflows":[]},"_links":{"self":[{"href":"https:\/\/www.pfarregersthof.at\/komm\/wp-json\/wp\/v2\/posts\/2596","targetHints":{"allow":["GET"]}}],"collection":[{"href":"https:\/\/www.pfarregersthof.at\/komm\/wp-json\/wp\/v2\/posts"}],"about":[{"href":"https:\/\/www.pfarregersthof.at\/komm\/wp-json\/wp\/v2\/types\/post"}],"author":[{"embeddable":true,"href":"https:\/\/www.pfarregersthof.at\/komm\/wp-json\/wp\/v2\/users\/2"}],"replies":[{"embeddable":true,"href":"https:\/\/www.pfarregersthof.at\/komm\/wp-json\/wp\/v2\/comments?post=2596"}],"version-history":[{"count":2,"href":"https:\/\/www.pfarregersthof.at\/komm\/wp-json\/wp\/v2\/posts\/2596\/revisions"}],"predecessor-version":[{"id":2601,"href":"https:\/\/www.pfarregersthof.at\/komm\/wp-json\/wp\/v2\/posts\/2596\/revisions\/2601"}],"wp:attachment":[{"href":"https:\/\/www.pfarregersthof.at\/komm\/wp-json\/wp\/v2\/media?parent=2596"}],"wp:term":[{"taxonomy":"category","embeddable":true,"href":"https:\/\/www.pfarregersthof.at\/komm\/wp-json\/wp\/v2\/categories?post=2596"},{"taxonomy":"post_tag","embeddable":true,"href":"https:\/\/www.pfarregersthof.at\/komm\/wp-json\/wp\/v2\/tags?post=2596"}],"curies":[{"name":"wp","href":"https:\/\/api.w.org\/{rel}","templated":true}]}}