{"id":2613,"date":"2014-09-19T18:31:47","date_gmt":"2014-09-19T16:31:47","guid":{"rendered":"http:\/\/www.pfarregersthof.at\/komm\/?p=2613"},"modified":"2014-09-19T18:31:47","modified_gmt":"2014-09-19T16:31:47","slug":"besser-hoeren-in-der-pfarrkirche-ein-anregung","status":"publish","type":"post","link":"https:\/\/www.pfarregersthof.at\/komm\/2014\/09\/besser-hoeren-in-der-pfarrkirche-ein-anregung\/","title":{"rendered":"Besser h\u00f6ren in der Pfarrkirche \u2013 ein Anregung"},"content":{"rendered":"<p>Immer wieder klagen Gottesdienstbesucher_innen der Pfarrkirche, dass sie Sprache und Musik aus der Lautsprecheranlage nicht gut verstehen. Leider ist unsere Kirche akustisch nicht toll, daher einige Tipps, wie man damit umgehen kann.<\/p>\n<p>N\u00e4her bei den Lautsprechern versteht man meist besser, in den mittleren B\u00e4nken neben den S\u00e4ulen schlechter. Versuchen Sie es auch an unterschiedlichen Pl\u00e4tzen: weiter vorne oder hinten, links oder rechts &#8211; auch unsere Ohren sind Individualisten, zwei Personen k\u00f6nnen am selben Platz unterschiedlich gut verstehen. Auch die Sprecherinnen und Sprecher sind individuell, daher versteht man die eine oder den andere besser oder schlechter. Aber gerade frei gesprochene Texte kommen vom Herzen und da muss man nicht unbedingt jedes Wort verstehen.<\/p>\n<p>Wenn Sie dazu einen Erfahrungsbericht mitteilen wollen, schreiben Sie eine Email an <a href=\"mailto:tonteam@pfarregersthof.at\">tonteam@pfarregersthof.at<\/a> \u2013 danke.<\/p>\n<p><span style=\"color: #3366ff;\"><em>Michael Steidl<\/em> <\/span>f\u00fcr das Tonteam<\/p>\n","protected":false},"excerpt":{"rendered":"<p>Immer wieder klagen Gottesdienstbesucher_innen der Pfarrkirche, dass sie Sprache und Musik aus der Lautsprecheranlage nicht gut verstehen. Leider ist unsere Kirche akustisch nicht toll, daher einige Tipps, wie man damit umgehen kann. N\u00e4her bei den Lautsprechern versteht man meist besser, in den mittleren B\u00e4nken neben den S\u00e4ulen schlechter. Versuchen Sie es auch an unterschiedlichen Pl\u00e4tzen: [&hellip;]<\/p>\n","protected":false},"author":2,"featured_media":0,"comment_status":"open","ping_status":"open","sticky":false,"template":"","format":"standard","meta":{"ngg_post_thumbnail":0,"footnotes":""},"categories":[20,14],"tags":[],"class_list":{"0":"post-2613","1":"post","2":"type-post","3":"status-publish","4":"format-standard","6":"category-uebrigens","7":"category-zuletzt"},"publishpress_future_action":{"enabled":false,"date":"2026-05-09 13:52:13","action":"category","newStatus":"draft","terms":[],"taxonomy":"category","extraData":[]},"publishpress_future_workflow_manual_trigger":{"enabledWorkflows":[]},"_links":{"self":[{"href":"https:\/\/www.pfarregersthof.at\/komm\/wp-json\/wp\/v2\/posts\/2613","targetHints":{"allow":["GET"]}}],"collection":[{"href":"https:\/\/www.pfarregersthof.at\/komm\/wp-json\/wp\/v2\/posts"}],"about":[{"href":"https:\/\/www.pfarregersthof.at\/komm\/wp-json\/wp\/v2\/types\/post"}],"author":[{"embeddable":true,"href":"https:\/\/www.pfarregersthof.at\/komm\/wp-json\/wp\/v2\/users\/2"}],"replies":[{"embeddable":true,"href":"https:\/\/www.pfarregersthof.at\/komm\/wp-json\/wp\/v2\/comments?post=2613"}],"version-history":[{"count":1,"href":"https:\/\/www.pfarregersthof.at\/komm\/wp-json\/wp\/v2\/posts\/2613\/revisions"}],"predecessor-version":[{"id":2614,"href":"https:\/\/www.pfarregersthof.at\/komm\/wp-json\/wp\/v2\/posts\/2613\/revisions\/2614"}],"wp:attachment":[{"href":"https:\/\/www.pfarregersthof.at\/komm\/wp-json\/wp\/v2\/media?parent=2613"}],"wp:term":[{"taxonomy":"category","embeddable":true,"href":"https:\/\/www.pfarregersthof.at\/komm\/wp-json\/wp\/v2\/categories?post=2613"},{"taxonomy":"post_tag","embeddable":true,"href":"https:\/\/www.pfarregersthof.at\/komm\/wp-json\/wp\/v2\/tags?post=2613"}],"curies":[{"name":"wp","href":"https:\/\/api.w.org\/{rel}","templated":true}]}}