{"id":2618,"date":"2014-09-30T11:53:00","date_gmt":"2014-09-30T09:53:00","guid":{"rendered":"http:\/\/www.pfarregersthof.at\/komm\/?p=2618"},"modified":"2014-10-18T21:36:25","modified_gmt":"2014-10-18T19:36:25","slug":"welturauffuehrung-lebendiges-wasser-18-10","status":"publish","type":"post","link":"https:\/\/www.pfarregersthof.at\/komm\/2014\/09\/welturauffuehrung-lebendiges-wasser-18-10\/","title":{"rendered":"Welturauff\u00fchrung &#8222;Lebendiges Wasser&#8220; (18.10.)"},"content":{"rendered":"<p><a href=\"https:\/\/www.pfarregersthof.at\/komm\/wp-content\/uploads\/2014\/09\/2014-10-LebendigesWasser-Crp.jpg\"><img loading=\"lazy\" decoding=\"async\" class=\"alignright size-thumbnail wp-image-2619\" src=\"https:\/\/www.pfarregersthof.at\/komm\/wp-content\/uploads\/2014\/09\/2014-10-LebendigesWasser-Crp-150x120.jpg\" alt=\"2014-10-LebendigesWasser-Crp\" width=\"150\" height=\"120\" srcset=\"https:\/\/www.pfarregersthof.at\/komm\/wp-content\/uploads\/2014\/09\/2014-10-LebendigesWasser-Crp-150x120.jpg 150w, https:\/\/www.pfarregersthof.at\/komm\/wp-content\/uploads\/2014\/09\/2014-10-LebendigesWasser-Crp-300x241.jpg 300w, https:\/\/www.pfarregersthof.at\/komm\/wp-content\/uploads\/2014\/09\/2014-10-LebendigesWasser-Crp.jpg 500w\" sizes=\"auto, (max-width: 150px) 100vw, 150px\" \/><\/a>Das Oratorium &#8222;Lebendinges Wasser&#8220; der Komponistin Ana Szil\u00e1gyi mit Texten von Peter Rettinger wird am <strong>Samstag, 18. Oktober 2014, um 19 Uhr<\/strong> in unserer Pfarrkirche auf dem Bischof-Faber-Platz weltweit erstmals aufgef\u00fchrt. Auch Sie sind dazu von Pfarrer Dr. Norbert Rodt eingeladen.<\/p>\n<p>Die Musik des acht-szenigen Werkes klingt arachaisch, ist in Kirchentonarten gesetzt und wird mit Instrumenten gespielt, die schon in den alten Kulturen bekannt waren wie Harfe, Fl\u00f6te oder Horn. Moderne Elektronik setzt kontrastreiche Akzente. Anlehnungen an die Rannaissance-, Barock und byzantische Musik spannen einen weiten musikalischen Bogen, der die unb\u00e4ndige Kraft lebendigen Wassers unmittelbar erlebbar macht.<\/p>\n<p>Die Komponistin Ana Szil\u00e1gyi ist eine geb\u00fcrtige Rum\u00e4nin, die schon seit Jahren im Gebiet unserer Pfarre Gersthof lebt. Sie vertont im Oratorium jene Szene, in der Jesus am Brunnen mit der Samariterin ins Gespr\u00e4ch kommt. (<a href=\"http:\/\/www.bibleserver.com\/text\/EU\/Johannes4\">Johannes Evangelium<\/a><a href=\"http:\/\/www.bibleserver.com\/text\/EU\/Johannes4\"> 4, 1<\/a>)<\/p>\n<p>&nbsp;<\/p>\n","protected":false},"excerpt":{"rendered":"<p>Das Oratorium &#8222;Lebendinges Wasser&#8220; der Komponistin Ana Szil\u00e1gyi mit Texten von Peter Rettinger wird am Samstag, 18. Oktober 2014, um 19 Uhr in unserer Pfarrkirche auf dem Bischof-Faber-Platz weltweit erstmals aufgef\u00fchrt. Auch Sie sind dazu von Pfarrer Dr. Norbert Rodt eingeladen. Die Musik des acht-szenigen Werkes klingt arachaisch, ist in Kirchentonarten gesetzt und wird mit [&hellip;]<\/p>\n","protected":false},"author":2,"featured_media":2619,"comment_status":"open","ping_status":"open","sticky":false,"template":"","format":"standard","meta":{"ngg_post_thumbnail":0,"footnotes":""},"categories":[7],"tags":[],"class_list":{"0":"post-2618","1":"post","2":"type-post","3":"status-publish","4":"format-standard","5":"has-post-thumbnail","7":"category-archiv"},"publishpress_future_action":{"enabled":false,"date":"2026-05-10 16:00:58","action":"category","newStatus":"draft","terms":[],"taxonomy":"category","extraData":[]},"publishpress_future_workflow_manual_trigger":{"enabledWorkflows":[]},"_links":{"self":[{"href":"https:\/\/www.pfarregersthof.at\/komm\/wp-json\/wp\/v2\/posts\/2618","targetHints":{"allow":["GET"]}}],"collection":[{"href":"https:\/\/www.pfarregersthof.at\/komm\/wp-json\/wp\/v2\/posts"}],"about":[{"href":"https:\/\/www.pfarregersthof.at\/komm\/wp-json\/wp\/v2\/types\/post"}],"author":[{"embeddable":true,"href":"https:\/\/www.pfarregersthof.at\/komm\/wp-json\/wp\/v2\/users\/2"}],"replies":[{"embeddable":true,"href":"https:\/\/www.pfarregersthof.at\/komm\/wp-json\/wp\/v2\/comments?post=2618"}],"version-history":[{"count":4,"href":"https:\/\/www.pfarregersthof.at\/komm\/wp-json\/wp\/v2\/posts\/2618\/revisions"}],"predecessor-version":[{"id":2623,"href":"https:\/\/www.pfarregersthof.at\/komm\/wp-json\/wp\/v2\/posts\/2618\/revisions\/2623"}],"wp:featuredmedia":[{"embeddable":true,"href":"https:\/\/www.pfarregersthof.at\/komm\/wp-json\/wp\/v2\/media\/2619"}],"wp:attachment":[{"href":"https:\/\/www.pfarregersthof.at\/komm\/wp-json\/wp\/v2\/media?parent=2618"}],"wp:term":[{"taxonomy":"category","embeddable":true,"href":"https:\/\/www.pfarregersthof.at\/komm\/wp-json\/wp\/v2\/categories?post=2618"},{"taxonomy":"post_tag","embeddable":true,"href":"https:\/\/www.pfarregersthof.at\/komm\/wp-json\/wp\/v2\/tags?post=2618"}],"curies":[{"name":"wp","href":"https:\/\/api.w.org\/{rel}","templated":true}]}}