{"id":2672,"date":"2014-10-05T20:32:42","date_gmt":"2014-10-05T18:32:42","guid":{"rendered":"http:\/\/www.pfarregersthof.at\/komm\/?p=2672"},"modified":"2014-10-17T13:57:09","modified_gmt":"2014-10-17T11:57:09","slug":"kindersachen-flohmarkt-8-10","status":"publish","type":"post","link":"https:\/\/www.pfarregersthof.at\/komm\/2014\/10\/kindersachen-flohmarkt-8-10\/","title":{"rendered":"Kindersachen-Flohmarkt (8.10.)"},"content":{"rendered":"<p>Im Rahmen des Kleinkindertreffens am Mittwoch, 8.10., im Gemeindezentrum (Bastiengasse 18) findet ab 9.30 Uhr ein gem\u00fctliches &#8222;einander Kennenlernen&#8220; beim Ausw\u00e4hlen verschiedenster Kindersachen und kommunikativer Jause statt.<\/p>\n<p>Gerne k\u00f6nnen geeignete Kindersachen (vom Spielzeug \u00fcber Bekleidung, \u00fcbrigen Windeln oder Gem\u00fcsegl\u00e4schen, praktischer Wickeltasche oder Kloaufsatz&#8230;) bis Dienstag ins <a href=\"https:\/\/www.pfarregersthof.at\/komm\/pfarre-von-a-z\/information\/kontakt-aufnehmen\/#pfarrsek\">Pfarrsekretariat <\/a>gebracht werden. Der Reingewinn kommt der Pfarrcaritas zu Gute.<\/p>\n<p><span style=\"color: #3366ff;\"><em>Hemma Gamillscheg<\/em><\/span><\/p>\n","protected":false},"excerpt":{"rendered":"<p>Im Rahmen des Kleinkindertreffens am Mittwoch, 8.10., im Gemeindezentrum (Bastiengasse 18) findet ab 9.30 Uhr ein gem\u00fctliches &#8222;einander Kennenlernen&#8220; beim Ausw\u00e4hlen verschiedenster Kindersachen und kommunikativer Jause statt. Gerne k\u00f6nnen geeignete Kindersachen (vom Spielzeug \u00fcber Bekleidung, \u00fcbrigen Windeln oder Gem\u00fcsegl\u00e4schen, praktischer Wickeltasche oder Kloaufsatz&#8230;) bis Dienstag ins Pfarrsekretariat gebracht werden. Der Reingewinn kommt der Pfarrcaritas zu [&hellip;]<\/p>\n","protected":false},"author":2,"featured_media":0,"comment_status":"open","ping_status":"open","sticky":false,"template":"","format":"standard","meta":{"ngg_post_thumbnail":0,"footnotes":""},"categories":[7],"tags":[],"class_list":{"0":"post-2672","1":"post","2":"type-post","3":"status-publish","4":"format-standard","6":"category-archiv"},"publishpress_future_action":{"enabled":false,"date":"2026-05-10 19:03:41","action":"category","newStatus":"draft","terms":[],"taxonomy":"category","extraData":[]},"publishpress_future_workflow_manual_trigger":{"enabledWorkflows":[]},"_links":{"self":[{"href":"https:\/\/www.pfarregersthof.at\/komm\/wp-json\/wp\/v2\/posts\/2672","targetHints":{"allow":["GET"]}}],"collection":[{"href":"https:\/\/www.pfarregersthof.at\/komm\/wp-json\/wp\/v2\/posts"}],"about":[{"href":"https:\/\/www.pfarregersthof.at\/komm\/wp-json\/wp\/v2\/types\/post"}],"author":[{"embeddable":true,"href":"https:\/\/www.pfarregersthof.at\/komm\/wp-json\/wp\/v2\/users\/2"}],"replies":[{"embeddable":true,"href":"https:\/\/www.pfarregersthof.at\/komm\/wp-json\/wp\/v2\/comments?post=2672"}],"version-history":[{"count":1,"href":"https:\/\/www.pfarregersthof.at\/komm\/wp-json\/wp\/v2\/posts\/2672\/revisions"}],"predecessor-version":[{"id":2673,"href":"https:\/\/www.pfarregersthof.at\/komm\/wp-json\/wp\/v2\/posts\/2672\/revisions\/2673"}],"wp:attachment":[{"href":"https:\/\/www.pfarregersthof.at\/komm\/wp-json\/wp\/v2\/media?parent=2672"}],"wp:term":[{"taxonomy":"category","embeddable":true,"href":"https:\/\/www.pfarregersthof.at\/komm\/wp-json\/wp\/v2\/categories?post=2672"},{"taxonomy":"post_tag","embeddable":true,"href":"https:\/\/www.pfarregersthof.at\/komm\/wp-json\/wp\/v2\/tags?post=2672"}],"curies":[{"name":"wp","href":"https:\/\/api.w.org\/{rel}","templated":true}]}}