{"id":2674,"date":"2014-10-05T20:34:22","date_gmt":"2014-10-05T18:34:22","guid":{"rendered":"http:\/\/www.pfarregersthof.at\/komm\/?p=2674"},"modified":"2014-10-17T13:57:18","modified_gmt":"2014-10-17T11:57:18","slug":"schoepfungs-pfarrcafe-12-10","status":"publish","type":"post","link":"https:\/\/www.pfarregersthof.at\/komm\/2014\/10\/schoepfungs-pfarrcafe-12-10\/","title":{"rendered":"Sch\u00f6pfungs-Pfarrcafe (12.10.)"},"content":{"rendered":"<p>\u201eGott vergibt alles, die Menschen manches, die Sch\u00f6pfung nichts\u201c! (Papst Franziskus)<\/p>\n<p>Der Arbeitskreis Sch\u00f6pfungsverantwortung der Pfarre freut sich, wenn viele Menschen sich f\u00fcr die Sch\u00f6pfung engagieren. Bei uns sind Sie jederzeit herzlich willkommen.<\/p>\n<p>Gelegenheit zu Gespr\u00e4ch und Information gibt es bei unserem Pfarrcaf\u00e9 am Sonntag, 12. 10. ab 11.00 im Gemeindezentrum (Bastiengasse 18).<\/p>\n<p><span style=\"color: #3366ff;\"><em>Helga Kneuer<\/em><\/span><\/p>\n","protected":false},"excerpt":{"rendered":"<p>\u201eGott vergibt alles, die Menschen manches, die Sch\u00f6pfung nichts\u201c! (Papst Franziskus) Der Arbeitskreis Sch\u00f6pfungsverantwortung der Pfarre freut sich, wenn viele Menschen sich f\u00fcr die Sch\u00f6pfung engagieren. Bei uns sind Sie jederzeit herzlich willkommen. Gelegenheit zu Gespr\u00e4ch und Information gibt es bei unserem Pfarrcaf\u00e9 am Sonntag, 12. 10. ab 11.00 im Gemeindezentrum (Bastiengasse 18). Helga Kneuer<\/p>\n","protected":false},"author":2,"featured_media":0,"comment_status":"open","ping_status":"open","sticky":false,"template":"","format":"standard","meta":{"ngg_post_thumbnail":0,"footnotes":""},"categories":[7],"tags":[],"class_list":{"0":"post-2674","1":"post","2":"type-post","3":"status-publish","4":"format-standard","6":"category-archiv"},"publishpress_future_action":{"enabled":false,"date":"2026-05-10 17:27:26","action":"category","newStatus":"draft","terms":[],"taxonomy":"category","extraData":[]},"publishpress_future_workflow_manual_trigger":{"enabledWorkflows":[]},"_links":{"self":[{"href":"https:\/\/www.pfarregersthof.at\/komm\/wp-json\/wp\/v2\/posts\/2674","targetHints":{"allow":["GET"]}}],"collection":[{"href":"https:\/\/www.pfarregersthof.at\/komm\/wp-json\/wp\/v2\/posts"}],"about":[{"href":"https:\/\/www.pfarregersthof.at\/komm\/wp-json\/wp\/v2\/types\/post"}],"author":[{"embeddable":true,"href":"https:\/\/www.pfarregersthof.at\/komm\/wp-json\/wp\/v2\/users\/2"}],"replies":[{"embeddable":true,"href":"https:\/\/www.pfarregersthof.at\/komm\/wp-json\/wp\/v2\/comments?post=2674"}],"version-history":[{"count":1,"href":"https:\/\/www.pfarregersthof.at\/komm\/wp-json\/wp\/v2\/posts\/2674\/revisions"}],"predecessor-version":[{"id":2675,"href":"https:\/\/www.pfarregersthof.at\/komm\/wp-json\/wp\/v2\/posts\/2674\/revisions\/2675"}],"wp:attachment":[{"href":"https:\/\/www.pfarregersthof.at\/komm\/wp-json\/wp\/v2\/media?parent=2674"}],"wp:term":[{"taxonomy":"category","embeddable":true,"href":"https:\/\/www.pfarregersthof.at\/komm\/wp-json\/wp\/v2\/categories?post=2674"},{"taxonomy":"post_tag","embeddable":true,"href":"https:\/\/www.pfarregersthof.at\/komm\/wp-json\/wp\/v2\/tags?post=2674"}],"curies":[{"name":"wp","href":"https:\/\/api.w.org\/{rel}","templated":true}]}}