{"id":2685,"date":"2014-10-09T08:17:27","date_gmt":"2014-10-09T06:17:27","guid":{"rendered":"http:\/\/www.pfarregersthof.at\/komm\/?p=2685"},"modified":"2014-11-02T19:18:20","modified_gmt":"2014-11-02T17:18:20","slug":"fragen-zur-zeit-26-10","status":"publish","type":"post","link":"https:\/\/www.pfarregersthof.at\/komm\/2014\/10\/fragen-zur-zeit-26-10\/","title":{"rendered":"Fragen zur Zeit (26.10.)"},"content":{"rendered":"<p>Mit &#8222;Fragen zur Zeit &#8211; wer gibt Antworten&#8220; sind drei Bildungsfr\u00fchschoppen der Pfarre im Herbst 2014 \u00fcberschrieben:<\/p>\n<p>Em.Univ.Prof. Dr. Norbert Leser: &#8222;Gott l\u00e4sst gr\u00fc\u00dfen&#8220; (Buch Neuerscheinung 2013)<br \/>\nSonntag, 26.10., 11.15 Uhr, Gemeindezentrum (Bastiengasse 18)<\/p>\n<p>&#8222;Die letzten Tage der Menschheit&#8220; von Karl Kraus, Auff\u00fchrung der Schauspielgruppe Schefts<br \/>\nFreitag, 21.11., 19.3o Uhr, Gemeindezentrum<\/p>\n<p>Chefredakteur Michael Fleischhacker: &#8222;Geht alles den Bach hinunten?&#8220;<br \/>\nSonntag, 23.11., 11.15 Uhr, Gemeindezentrum<\/p>\n","protected":false},"excerpt":{"rendered":"<p>Mit &#8222;Fragen zur Zeit &#8211; wer gibt Antworten&#8220; sind drei Bildungsfr\u00fchschoppen der Pfarre im Herbst 2014 \u00fcberschrieben: Em.Univ.Prof. Dr. Norbert Leser: &#8222;Gott l\u00e4sst gr\u00fc\u00dfen&#8220; (Buch Neuerscheinung 2013) Sonntag, 26.10., 11.15 Uhr, Gemeindezentrum (Bastiengasse 18) &#8222;Die letzten Tage der Menschheit&#8220; von Karl Kraus, Auff\u00fchrung der Schauspielgruppe Schefts Freitag, 21.11., 19.3o Uhr, Gemeindezentrum Chefredakteur Michael Fleischhacker: &#8222;Geht [&hellip;]<\/p>\n","protected":false},"author":2,"featured_media":0,"comment_status":"open","ping_status":"open","sticky":false,"template":"","format":"standard","meta":{"ngg_post_thumbnail":0,"footnotes":""},"categories":[7],"tags":[],"class_list":{"0":"post-2685","1":"post","2":"type-post","3":"status-publish","4":"format-standard","6":"category-archiv"},"publishpress_future_action":{"enabled":false,"date":"2026-05-10 15:59:52","action":"category","newStatus":"draft","terms":[],"taxonomy":"category","extraData":[]},"publishpress_future_workflow_manual_trigger":{"enabledWorkflows":[]},"_links":{"self":[{"href":"https:\/\/www.pfarregersthof.at\/komm\/wp-json\/wp\/v2\/posts\/2685","targetHints":{"allow":["GET"]}}],"collection":[{"href":"https:\/\/www.pfarregersthof.at\/komm\/wp-json\/wp\/v2\/posts"}],"about":[{"href":"https:\/\/www.pfarregersthof.at\/komm\/wp-json\/wp\/v2\/types\/post"}],"author":[{"embeddable":true,"href":"https:\/\/www.pfarregersthof.at\/komm\/wp-json\/wp\/v2\/users\/2"}],"replies":[{"embeddable":true,"href":"https:\/\/www.pfarregersthof.at\/komm\/wp-json\/wp\/v2\/comments?post=2685"}],"version-history":[{"count":1,"href":"https:\/\/www.pfarregersthof.at\/komm\/wp-json\/wp\/v2\/posts\/2685\/revisions"}],"predecessor-version":[{"id":2686,"href":"https:\/\/www.pfarregersthof.at\/komm\/wp-json\/wp\/v2\/posts\/2685\/revisions\/2686"}],"wp:attachment":[{"href":"https:\/\/www.pfarregersthof.at\/komm\/wp-json\/wp\/v2\/media?parent=2685"}],"wp:term":[{"taxonomy":"category","embeddable":true,"href":"https:\/\/www.pfarregersthof.at\/komm\/wp-json\/wp\/v2\/categories?post=2685"},{"taxonomy":"post_tag","embeddable":true,"href":"https:\/\/www.pfarregersthof.at\/komm\/wp-json\/wp\/v2\/tags?post=2685"}],"curies":[{"name":"wp","href":"https:\/\/api.w.org\/{rel}","templated":true}]}}