{"id":2689,"date":"2014-10-10T13:54:34","date_gmt":"2014-10-10T11:54:34","guid":{"rendered":"http:\/\/www.pfarregersthof.at\/komm\/?p=2689"},"modified":"2014-11-10T22:52:19","modified_gmt":"2014-11-10T20:52:19","slug":"bischofssynode-ehe-familie-sexualitaet","status":"publish","type":"post","link":"https:\/\/www.pfarregersthof.at\/komm\/2014\/10\/bischofssynode-ehe-familie-sexualitaet\/","title":{"rendered":"Bischofssynode &#8222;Ehe, Familie, Sexualit\u00e4t&#8220;"},"content":{"rendered":"<p>Im Vatikan widmen sich 191 von Papst Franziskus einberufene Bisch\u00f6fe vom 5. \u2013 19. Oktober den Themen \u201eEhe, Familie, Sexualit\u00e4t\u201c. Dabei \u201em\u00fcssen die Bisch\u00f6fe den Schrei des Volkes h\u00f6ren\u201c, betonte der Papst und f\u00fcgte hinzu: \u201eDabei gelten nicht die besseren Argumente, sondern welche Meinungen n\u00e4her am Willen Gottes sind!\u201c<\/p>\n<p>Um das Gebet f\u00fcr den Papst und die Beratungen wie Gespr\u00e4che bittet <span style=\"color: #3366ff;\"><em>Pfr. Norbert<\/em><\/span><\/p>\n","protected":false},"excerpt":{"rendered":"<p>Im Vatikan widmen sich 191 von Papst Franziskus einberufene Bisch\u00f6fe vom 5. \u2013 19. Oktober den Themen \u201eEhe, Familie, Sexualit\u00e4t\u201c. Dabei \u201em\u00fcssen die Bisch\u00f6fe den Schrei des Volkes h\u00f6ren\u201c, betonte der Papst und f\u00fcgte hinzu: \u201eDabei gelten nicht die besseren Argumente, sondern welche Meinungen n\u00e4her am Willen Gottes sind!\u201c Um das Gebet f\u00fcr den Papst [&hellip;]<\/p>\n","protected":false},"author":2,"featured_media":0,"comment_status":"open","ping_status":"open","sticky":false,"template":"","format":"standard","meta":{"ngg_post_thumbnail":0,"footnotes":""},"categories":[7],"tags":[],"class_list":{"0":"post-2689","1":"post","2":"type-post","3":"status-publish","4":"format-standard","6":"category-archiv"},"publishpress_future_action":{"enabled":false,"date":"2026-05-10 16:00:59","action":"category","newStatus":"draft","terms":[],"taxonomy":"category","extraData":[]},"publishpress_future_workflow_manual_trigger":{"enabledWorkflows":[]},"_links":{"self":[{"href":"https:\/\/www.pfarregersthof.at\/komm\/wp-json\/wp\/v2\/posts\/2689","targetHints":{"allow":["GET"]}}],"collection":[{"href":"https:\/\/www.pfarregersthof.at\/komm\/wp-json\/wp\/v2\/posts"}],"about":[{"href":"https:\/\/www.pfarregersthof.at\/komm\/wp-json\/wp\/v2\/types\/post"}],"author":[{"embeddable":true,"href":"https:\/\/www.pfarregersthof.at\/komm\/wp-json\/wp\/v2\/users\/2"}],"replies":[{"embeddable":true,"href":"https:\/\/www.pfarregersthof.at\/komm\/wp-json\/wp\/v2\/comments?post=2689"}],"version-history":[{"count":1,"href":"https:\/\/www.pfarregersthof.at\/komm\/wp-json\/wp\/v2\/posts\/2689\/revisions"}],"predecessor-version":[{"id":2690,"href":"https:\/\/www.pfarregersthof.at\/komm\/wp-json\/wp\/v2\/posts\/2689\/revisions\/2690"}],"wp:attachment":[{"href":"https:\/\/www.pfarregersthof.at\/komm\/wp-json\/wp\/v2\/media?parent=2689"}],"wp:term":[{"taxonomy":"category","embeddable":true,"href":"https:\/\/www.pfarregersthof.at\/komm\/wp-json\/wp\/v2\/categories?post=2689"},{"taxonomy":"post_tag","embeddable":true,"href":"https:\/\/www.pfarregersthof.at\/komm\/wp-json\/wp\/v2\/tags?post=2689"}],"curies":[{"name":"wp","href":"https:\/\/api.w.org\/{rel}","templated":true}]}}