{"id":2695,"date":"2014-10-13T19:25:19","date_gmt":"2014-10-13T17:25:19","guid":{"rendered":"http:\/\/www.pfarregersthof.at\/komm\/?p=2695"},"modified":"2014-10-14T08:20:12","modified_gmt":"2014-10-14T06:20:12","slug":"firmvorbereitung-hat-begonnen","status":"publish","type":"post","link":"https:\/\/www.pfarregersthof.at\/komm\/2014\/10\/firmvorbereitung-hat-begonnen\/","title":{"rendered":"Firmvorbereitung hat begonnen"},"content":{"rendered":"<p>Im heurigen Arbeitsjahr wollen 32 engagierte junge Menschen sich auf das Fest der Firmung am 14.Juni 2015 vorbereiten.<\/p>\n<p>Die Firmvorbereitung hat am 10. Oktober unter dem Motto: \u201eIch habe dich beim Namen gerufen \u2013 Gott, meinst du mich?\u201c mit dem 24 Stunden Startwochenende im Stift G\u00f6ttweig begonnen.<\/p>\n<p>Nach der Ankunft, dem Beziehen des Quartiers und dem Abendessen begann der Einstieg ins Thema zun\u00e4chst mit einer Kennenlernrunde und der Fragestellung:\u00a0 \u201eWer bin ich \u2013 auf dem Weg zur Firmung?\u201c &#8211;\u00a0 die FirmkandidatInnen gestalteten Plakate und beschrieben eigene F\u00e4higkeiten und Talente. Anschlie\u00dfend wurden das Stift und die Kirche mit einem n\u00e4chtlichen Rundgang, gef\u00fchrt von P.Benjamin, erkundet. Der Abend fand einen gem\u00fctlichen Ausklang mit Plauderei, Knabbereien und coolen Drinks.<\/p>\n<p><a href=\"https:\/\/www.pfarregersthof.at\/komm\/wp-content\/uploads\/2013\/01\/Firmvorbereitung2015-201410a.jpg\"><img loading=\"lazy\" decoding=\"async\" class=\"alignright size-medium wp-image-2693\" src=\"https:\/\/www.pfarregersthof.at\/komm\/wp-content\/uploads\/2013\/01\/Firmvorbereitung2015-201410a-300x200.jpg\" alt=\"Firmvorbereitung2015-201410a\" width=\"300\" height=\"200\" \/><\/a>Die Nacht war kurz, das morgendliche Frischluftprogramm mit anschlie\u00dfendem Fr\u00fchst\u00fcck weckte die Geister um nun das <a href=\"https:\/\/www.pfarregersthof.at\/dokus\/div\/FVB15Kalender.pdf\" target=\"_blank\">Programm <\/a>der Firmvorbereitung n\u00e4her kennenzulernen. Dieses umfasst 5 Impulstreffen in der Gro\u00dfgruppe zu verschiedenen Themen und ein Impulswochenende, Gottesdienste, eine spirituelle Wanderung sowie die Begleitung durch Firmlotsen in der Kleingruppe mit Planung und Durchf\u00fchrung von sog. Aktionen.<\/p>\n<p>\u00dcber das Finden der inneren Balance um Entscheidungen treffen zu k\u00f6nnen, f\u00fchrte der Tag zum Impuls: Firmung \u2013 was ist das, was erwarte ich mir, warum lasse ich mich firmen?<\/p>\n<p>Danach wurden die Firmlotsen und Firmlotsinnen und deren Aufgabenbereiche vorgestellt.<\/p>\n<p>Nach dem Mittagessen und einer kurzen Pause wurde in Kleingruppen der Gottesdienst vorbereitet, den P.Benjamin mit uns am Nachmittag feierte. Den Abschluss bildete eine kurze Wanderung den Stiftsberg hinunter zum Autobus.<\/p>\n<p>Michael Kromer f\u00fcr das Firmteam<\/p>\n<h6>(Foto: Michael Kromer)<\/h6>\n","protected":false},"excerpt":{"rendered":"<p>Im heurigen Arbeitsjahr wollen 32 engagierte junge Menschen sich auf das Fest der Firmung am 14.Juni 2015 vorbereiten. Die Firmvorbereitung hat am 10. Oktober unter dem Motto: \u201eIch habe dich beim Namen gerufen \u2013 Gott, meinst du mich?\u201c mit dem 24 Stunden Startwochenende im Stift G\u00f6ttweig begonnen. Nach der Ankunft, dem Beziehen des Quartiers und [&hellip;]<\/p>\n","protected":false},"author":2,"featured_media":2693,"comment_status":"open","ping_status":"open","sticky":false,"template":"","format":"standard","meta":{"ngg_post_thumbnail":0,"footnotes":""},"categories":[5,14],"tags":[],"class_list":{"0":"post-2695","1":"post","2":"type-post","3":"status-publish","4":"format-standard","5":"has-post-thumbnail","7":"category-was-gewesen-ist","8":"category-zuletzt"},"publishpress_future_action":{"enabled":false,"date":"2026-05-10 17:35:34","action":"category","newStatus":"draft","terms":[],"taxonomy":"category","extraData":[]},"publishpress_future_workflow_manual_trigger":{"enabledWorkflows":[]},"_links":{"self":[{"href":"https:\/\/www.pfarregersthof.at\/komm\/wp-json\/wp\/v2\/posts\/2695","targetHints":{"allow":["GET"]}}],"collection":[{"href":"https:\/\/www.pfarregersthof.at\/komm\/wp-json\/wp\/v2\/posts"}],"about":[{"href":"https:\/\/www.pfarregersthof.at\/komm\/wp-json\/wp\/v2\/types\/post"}],"author":[{"embeddable":true,"href":"https:\/\/www.pfarregersthof.at\/komm\/wp-json\/wp\/v2\/users\/2"}],"replies":[{"embeddable":true,"href":"https:\/\/www.pfarregersthof.at\/komm\/wp-json\/wp\/v2\/comments?post=2695"}],"version-history":[{"count":2,"href":"https:\/\/www.pfarregersthof.at\/komm\/wp-json\/wp\/v2\/posts\/2695\/revisions"}],"predecessor-version":[{"id":2699,"href":"https:\/\/www.pfarregersthof.at\/komm\/wp-json\/wp\/v2\/posts\/2695\/revisions\/2699"}],"wp:featuredmedia":[{"embeddable":true,"href":"https:\/\/www.pfarregersthof.at\/komm\/wp-json\/wp\/v2\/media\/2693"}],"wp:attachment":[{"href":"https:\/\/www.pfarregersthof.at\/komm\/wp-json\/wp\/v2\/media?parent=2695"}],"wp:term":[{"taxonomy":"category","embeddable":true,"href":"https:\/\/www.pfarregersthof.at\/komm\/wp-json\/wp\/v2\/categories?post=2695"},{"taxonomy":"post_tag","embeddable":true,"href":"https:\/\/www.pfarregersthof.at\/komm\/wp-json\/wp\/v2\/tags?post=2695"}],"curies":[{"name":"wp","href":"https:\/\/api.w.org\/{rel}","templated":true}]}}