{"id":2710,"date":"2014-10-18T21:35:09","date_gmt":"2014-10-18T19:35:09","guid":{"rendered":"http:\/\/www.pfarregersthof.at\/komm\/?p=2710"},"modified":"2014-11-16T17:15:58","modified_gmt":"2014-11-16T15:15:58","slug":"oratorium-lebendiges-wasser-uraufgefuehrt","status":"publish","type":"post","link":"https:\/\/www.pfarregersthof.at\/komm\/2014\/10\/oratorium-lebendiges-wasser-uraufgefuehrt\/","title":{"rendered":"Oratorium Lebendiges Wasser uraufgef\u00fchrt"},"content":{"rendered":"<p>Das Oratorium \u201cLebendiges Wasser\u201d der Komponistin Ana Szil\u00e1gyi mit Texten von Peter Rettinger wurde am Samstag, 18. Oktober 2014,\u00a0 in unserer Pfarrkirche unter gro\u00dfer Zustimmung weltweit erstmals aufgef\u00fchrt.<\/p>\n<p>Die Auff\u00fchrung des Ensembles von 6 Musikern, der 2 S\u00e4nger, der Sprecherin, des Dirigenten und der Komponistin als Toneffektgestalterin wurde von den rund 150 Zuh\u00f6rerinnen und Zuh\u00f6rern im abschlie\u00dfenden Applaus herzlich bedankt. Der Abend wurde aufgezeichnet und es soll in absehbarer Zeit eine CD davon erscheinen.<\/p>\n<p>Die Musik des acht-szenigen Werkes klang archaisch und ist in den Kirchentonarten gesetzt. Sie wird mit Instrumenten gespielt, die schon in den alten Kulturen bekannt waren wie Harfe, Fl\u00f6te oder Horn. Moderne Elektronik setzt kontrastreiche Akzente. Anlehnungen an die Rennaissance-, Barock und byzantinische Musik spannen einen weiten musikalischen Bogen, der die unb\u00e4ndige Kraft lebendigen Wassers unmittelbar erlebbar macht.<\/p>\n<p>Die Komponistin Ana Szil\u00e1gyi ist eine geb\u00fcrtige Rum\u00e4nin, die schon seit Jahren im Gebiet unserer Pfarre Gersthof lebt. Sie vertonte im Oratorium jene Szene, in der Jesus am Brunnen mit der Samariterin ins Gespr\u00e4ch kommt. (<a href=\"http:\/\/www.bibleserver.com\/text\/EU\/Johannes4\">Johannes Evangelium<\/a><a href=\"http:\/\/www.bibleserver.com\/text\/EU\/Johannes4\"> 4, 1<\/a>)<\/p>\n<h5>Fotos von der Urauff\u00fchrung (von Michael Steidl)<\/h5>\nngg_shortcode_0_placeholder\n","protected":false},"excerpt":{"rendered":"<p>Das Oratorium \u201cLebendiges Wasser\u201d der Komponistin Ana Szil\u00e1gyi mit Texten von Peter Rettinger wurde am Samstag, 18. Oktober 2014,\u00a0 in unserer Pfarrkirche unter gro\u00dfer Zustimmung weltweit erstmals aufgef\u00fchrt. Die Auff\u00fchrung des Ensembles von 6 Musikern, der 2 S\u00e4nger, der Sprecherin, des Dirigenten und der Komponistin als Toneffektgestalterin wurde von den rund 150 Zuh\u00f6rerinnen und Zuh\u00f6rern [&hellip;]<\/p>\n","protected":false},"author":2,"featured_media":2711,"comment_status":"open","ping_status":"open","sticky":false,"template":"","format":"standard","meta":{"ngg_post_thumbnail":0,"footnotes":""},"categories":[7],"tags":[],"class_list":{"0":"post-2710","1":"post","2":"type-post","3":"status-publish","4":"format-standard","5":"has-post-thumbnail","7":"category-archiv"},"publishpress_future_action":{"enabled":false,"date":"2026-05-10 17:27:42","action":"category","newStatus":"draft","terms":[],"taxonomy":"category","extraData":[]},"publishpress_future_workflow_manual_trigger":{"enabledWorkflows":[]},"_links":{"self":[{"href":"https:\/\/www.pfarregersthof.at\/komm\/wp-json\/wp\/v2\/posts\/2710","targetHints":{"allow":["GET"]}}],"collection":[{"href":"https:\/\/www.pfarregersthof.at\/komm\/wp-json\/wp\/v2\/posts"}],"about":[{"href":"https:\/\/www.pfarregersthof.at\/komm\/wp-json\/wp\/v2\/types\/post"}],"author":[{"embeddable":true,"href":"https:\/\/www.pfarregersthof.at\/komm\/wp-json\/wp\/v2\/users\/2"}],"replies":[{"embeddable":true,"href":"https:\/\/www.pfarregersthof.at\/komm\/wp-json\/wp\/v2\/comments?post=2710"}],"version-history":[{"count":8,"href":"https:\/\/www.pfarregersthof.at\/komm\/wp-json\/wp\/v2\/posts\/2710\/revisions"}],"predecessor-version":[{"id":2758,"href":"https:\/\/www.pfarregersthof.at\/komm\/wp-json\/wp\/v2\/posts\/2710\/revisions\/2758"}],"wp:featuredmedia":[{"embeddable":true,"href":"https:\/\/www.pfarregersthof.at\/komm\/wp-json\/wp\/v2\/media\/2711"}],"wp:attachment":[{"href":"https:\/\/www.pfarregersthof.at\/komm\/wp-json\/wp\/v2\/media?parent=2710"}],"wp:term":[{"taxonomy":"category","embeddable":true,"href":"https:\/\/www.pfarregersthof.at\/komm\/wp-json\/wp\/v2\/categories?post=2710"},{"taxonomy":"post_tag","embeddable":true,"href":"https:\/\/www.pfarregersthof.at\/komm\/wp-json\/wp\/v2\/tags?post=2710"}],"curies":[{"name":"wp","href":"https:\/\/api.w.org\/{rel}","templated":true}]}}