{"id":2773,"date":"2014-11-02T14:49:55","date_gmt":"2014-11-02T12:49:55","guid":{"rendered":"http:\/\/www.pfarregersthof.at\/komm\/?p=2773"},"modified":"2014-11-16T17:43:41","modified_gmt":"2014-11-16T15:43:41","slug":"60plus-die-volksoper-kennenlernen-20-11","status":"publish","type":"post","link":"https:\/\/www.pfarregersthof.at\/komm\/2014\/11\/60plus-die-volksoper-kennenlernen-20-11\/","title":{"rendered":"60plus: die Volksoper kennenlernen (20.11.)"},"content":{"rendered":"<p>60plus &#8211; die Gruppe f\u00fcr so circa 60-j\u00e4hrige &#8211; trifft sich das n\u00e4chste Mal am Donnerstag, 20. November. Dann werden wir durch die R\u00e4umlichkeiten der Volksoper gef\u00fchrt!<\/p>\n<p>Wir treffen einander um ca. 14.15 Uhr vor dem Haupteingang der Volksoper, um 14.30 Uhr beginnt dann eine f\u00fcr uns alle hoffentlich sehr interessante Besichtigung der etwas anderen Art \u2013 vor und hinter der B\u00fchne, etc.<\/p>\n<p>Auf diesen Nachmittag mit Ihnen freuen sich<br \/>\n<span style=\"color: #3366ff;\"><em>Sissy P\u00e4chter und das Caritasteam<\/em><\/span><\/p>\n","protected":false},"excerpt":{"rendered":"<p>60plus &#8211; die Gruppe f\u00fcr so circa 60-j\u00e4hrige &#8211; trifft sich das n\u00e4chste Mal am Donnerstag, 20. November. Dann werden wir durch die R\u00e4umlichkeiten der Volksoper gef\u00fchrt! Wir treffen einander um ca. 14.15 Uhr vor dem Haupteingang der Volksoper, um 14.30 Uhr beginnt dann eine f\u00fcr uns alle hoffentlich sehr interessante Besichtigung der etwas anderen [&hellip;]<\/p>\n","protected":false},"author":2,"featured_media":0,"comment_status":"open","ping_status":"open","sticky":false,"template":"","format":"standard","meta":{"ngg_post_thumbnail":0,"footnotes":""},"categories":[7],"tags":[],"class_list":{"0":"post-2773","1":"post","2":"type-post","3":"status-publish","4":"format-standard","6":"category-archiv"},"publishpress_future_action":{"enabled":false,"date":"2026-05-10 17:31:04","action":"category","newStatus":"draft","terms":[],"taxonomy":"category","extraData":[]},"publishpress_future_workflow_manual_trigger":{"enabledWorkflows":[]},"_links":{"self":[{"href":"https:\/\/www.pfarregersthof.at\/komm\/wp-json\/wp\/v2\/posts\/2773","targetHints":{"allow":["GET"]}}],"collection":[{"href":"https:\/\/www.pfarregersthof.at\/komm\/wp-json\/wp\/v2\/posts"}],"about":[{"href":"https:\/\/www.pfarregersthof.at\/komm\/wp-json\/wp\/v2\/types\/post"}],"author":[{"embeddable":true,"href":"https:\/\/www.pfarregersthof.at\/komm\/wp-json\/wp\/v2\/users\/2"}],"replies":[{"embeddable":true,"href":"https:\/\/www.pfarregersthof.at\/komm\/wp-json\/wp\/v2\/comments?post=2773"}],"version-history":[{"count":1,"href":"https:\/\/www.pfarregersthof.at\/komm\/wp-json\/wp\/v2\/posts\/2773\/revisions"}],"predecessor-version":[{"id":2774,"href":"https:\/\/www.pfarregersthof.at\/komm\/wp-json\/wp\/v2\/posts\/2773\/revisions\/2774"}],"wp:attachment":[{"href":"https:\/\/www.pfarregersthof.at\/komm\/wp-json\/wp\/v2\/media?parent=2773"}],"wp:term":[{"taxonomy":"category","embeddable":true,"href":"https:\/\/www.pfarregersthof.at\/komm\/wp-json\/wp\/v2\/categories?post=2773"},{"taxonomy":"post_tag","embeddable":true,"href":"https:\/\/www.pfarregersthof.at\/komm\/wp-json\/wp\/v2\/tags?post=2773"}],"curies":[{"name":"wp","href":"https:\/\/api.w.org\/{rel}","templated":true}]}}