{"id":2777,"date":"2014-11-02T20:12:53","date_gmt":"2014-11-02T18:12:53","guid":{"rendered":"http:\/\/www.pfarregersthof.at\/komm\/?p=2777"},"modified":"2014-11-02T20:16:13","modified_gmt":"2014-11-02T18:16:13","slug":"vor-dem-tod-nicht-verzagen-allerseelen","status":"publish","type":"post","link":"https:\/\/www.pfarregersthof.at\/komm\/2014\/11\/vor-dem-tod-nicht-verzagen-allerseelen\/","title":{"rendered":"Vor dem Tod nicht verzagen &#8211; Allerseelen"},"content":{"rendered":"<p>Am Allerseelentag 2.11., der heuer auch ein Sonntag war, hat sich die 10 Uhr Messe mit dem Umgang mit dem Tod, mit der Bew\u00e4ltigung der Trauer auseinandergesetzt. Hier finden Sie dazu einige der Texte, die zu h\u00f6ren waren.<\/p>\n<p><strong>Einf\u00fchrung: <\/strong>Im heutigen Allerseelen-Gottesdienst wollen wir all unserer Verstorbenen gedenken. Sie sind bereits durch das endg\u00fcltige Sterben hindurchgegangen und im unverlierbaren Leben angekommen. Sie sind uns vorausgegangen. Wir, die wir zur\u00fcckgeblieben sind, stehen vor der Herausforderung mit diesem Verlust umzugehen, unser Leben trotz L\u00fccke weiterzuf\u00fchren. Es sollen daher in diesem Gottesdienst auch um trauernde Menschen, um uns, gehen.<\/p>\n<p><a href=\"https:\/\/www.pfarregersthof.at\/komm\/wp-content\/uploads\/2014\/11\/IMG_0870-e1414951929151.jpg\"><img loading=\"lazy\" decoding=\"async\" class=\"alignleft size-medium wp-image-2779\" src=\"https:\/\/www.pfarregersthof.at\/komm\/wp-content\/uploads\/2014\/11\/IMG_0870-e1414951929151-224x300.jpg\" alt=\"IMG_0870\" width=\"224\" height=\"300\" srcset=\"https:\/\/www.pfarregersthof.at\/komm\/wp-content\/uploads\/2014\/11\/IMG_0870-e1414951929151-224x300.jpg 224w, https:\/\/www.pfarregersthof.at\/komm\/wp-content\/uploads\/2014\/11\/IMG_0870-e1414951929151-112x150.jpg 112w, https:\/\/www.pfarregersthof.at\/komm\/wp-content\/uploads\/2014\/11\/IMG_0870-e1414951929151-598x800.jpg 598w, https:\/\/www.pfarregersthof.at\/komm\/wp-content\/uploads\/2014\/11\/IMG_0870-e1414951929151-1024x1370.jpg 1024w, https:\/\/www.pfarregersthof.at\/komm\/wp-content\/uploads\/2014\/11\/IMG_0870-e1414951929151-768x1028.jpg 768w, https:\/\/www.pfarregersthof.at\/komm\/wp-content\/uploads\/2014\/11\/IMG_0870-e1414951929151.jpg 1936w\" sizes=\"auto, (max-width: 224px) 100vw, 224px\" \/><\/a>Zum Altar hin liegen heute braune T\u00fccher. Diese stehen f\u00fcr den Weg des Lebens aber auch f\u00fcr den Weg der Trauer. Denn die Trauer ist ein Prozess, der seine Zeit braucht. Es begegnen einem die unterschiedlichsten Gef\u00fchle: Angst, Wut, nicht-wahrhaben-wollen, die Frage nach dem Warum, Schuldgef\u00fchle, Dankbarkeit. Sie alle haben ihre Berechtigung.<\/p>\n<p>Auf den Altarstufen steht eine Wasserschale. Sie steht f\u00fcr \u00dcbergang und Wandlung. Sie ist einerseits die Schwelle vom Leben in die neue Wirklichkeit, die unsere Verstorbenen schon \u00fcberschritten haben. Sie ist aber auch Hoffnung f\u00fcr uns, dass ein Punkt kommt, an dem wir aus der Zwischenwelt der Trauer wieder heraustreten k\u00f6nnen, in ein neues Leben.<\/p>\n<p>Hinter der Wasserschale liegen helle T\u00fccher zum Altar hin. Diese sind Zeichen der gewandelten Trauer und Zeichen des \u00fcberwunden Todes.<\/p>\n<p><strong>Zur Einstimmung auf den Evangeliumstext<\/strong> Gedanken des englischen Priesters <a href=\"https:\/\/de.wikipedia.org\/wiki\/Henry_Scott_Holland\" target=\"_blank\">Henry Scott Holland<\/a>.<\/p>\n<p><strong>Der Tod ist nichts.<br \/>\n<\/strong>Ich bin nur in das Zimmer nebenan gegangen.<br \/>\nIch bin ich und du bist du.<br \/>\nWas auch immer wir f\u00fcreinander waren, das sind wir immer noch.<\/p>\n<p>Sprich mich bei meinem altbekannten Namen an.<br \/>\nSprich zu mir in der einfachen Art und Weise<br \/>\ndie du immer schon verwendet hast.<br \/>\nVer\u00e4ndere deinen Ton mir gegen\u00fcber nicht.<\/p>\n<p>Sei nicht zu feierlich oder zu traurig.<br \/>\nLach weiterhin so, wie wir immer schon gelacht haben<br \/>\n\u00fcber all die kleinen Scherze die wir so gemocht haben.<br \/>\nSpiele, l\u00e4chle, denke an mich, bete f\u00fcr mich.<\/p>\n<p>Lass meinen Namen f\u00fcr immer das famili\u00e4re Wort sein<br \/>\ndas es immer schon war.<br \/>\nOhne irgendeine besondere Betonung,<br \/>\nohne die Spur eines Schattens.<\/p>\n<p>Das Leben bedeutet das, was es immer schon bedeutet hat.<br \/>\nEs ist dasselbe das es immer schon war.<br \/>\nDa ist eine v\u00f6llig ununterbrochene Fortdauer darin.<br \/>\nWas ist der Tod schon als ein unbedeutender Zwischenfall?<br \/>\nWarum soll ich aus deinem Sinn sein,<br \/>\nweil ich nicht mehr in deinem Blick bin?<br \/>\nIch warte auf dich f\u00fcr einige Zeit,<br \/>\nirgendwo sehr nahe,<br \/>\nnur um die Ecke<br \/>\nAlles ist gut.<\/p>\n<p><strong>Text aus dem Johannes-Evangelium<\/strong>, 14. Kapitel:<\/p>\n<div id=\"b27ref43014001\" class=\"v43014001 verse\">Jesus sprach zu den J\u00fcngern:<br \/>\nEuer Herz lasse sich nicht verwirren. Glaubt an Gott und glaubt an mich!<\/div>\n<div id=\"b27ref43014002\" class=\"v43014002 verse\">Im Haus meines Vaters gibt es viele Wohnungen. Wenn es nicht so w\u00e4re, h\u00e4tte ich euch dann gesagt: Ich gehe, um einen Platz f\u00fcr euch vorzubereiten?<\/div>\n<div id=\"b27ref43014003\" class=\"v43014003 verse\">Wenn ich gegangen bin und einen Platz f\u00fcr euch vorbereitet habe, komme ich wieder und werde euch zu mir holen, damit auch ihr dort seid, wo ich bin.<\/div>\n<div id=\"b27ref43014004\" class=\"v43014004 verse\">Und wohin ich gehe &#8211; den Weg dorthin kennt ihr.<\/div>\n<div id=\"b27ref43014005\" class=\"v43014005 verse\">Thomas sagte zu ihm: Herr, wir wissen nicht, wohin du gehst. Wie sollen wir dann den Weg kennen?<\/div>\n<div id=\"b27ref43014006\" class=\"v43014006 verse\">Jesus sagte zu ihm: Ich bin der Weg und die Wahrheit und das Leben; niemand kommt zum Vater au\u00dfer durch mich.<\/div>\n<p>&nbsp;<\/p>\n<h3 id=\"c27ref43014015\" class=\"caption\"><\/h3>\n","protected":false},"excerpt":{"rendered":"<p>Am Allerseelentag 2.11., der heuer auch ein Sonntag war, hat sich die 10 Uhr Messe mit dem Umgang mit dem Tod, mit der Bew\u00e4ltigung der Trauer auseinandergesetzt. Hier finden Sie dazu einige der Texte, die zu h\u00f6ren waren. Einf\u00fchrung: Im heutigen Allerseelen-Gottesdienst wollen wir all unserer Verstorbenen gedenken. Sie sind bereits durch das endg\u00fcltige Sterben [&hellip;]<\/p>\n","protected":false},"author":2,"featured_media":2778,"comment_status":"open","ping_status":"open","sticky":false,"template":"","format":"standard","meta":{"ngg_post_thumbnail":0,"footnotes":""},"categories":[5,14],"tags":[],"class_list":{"0":"post-2777","1":"post","2":"type-post","3":"status-publish","4":"format-standard","5":"has-post-thumbnail","7":"category-was-gewesen-ist","8":"category-zuletzt"},"publishpress_future_action":{"enabled":false,"date":"2026-05-10 19:02:24","action":"category","newStatus":"draft","terms":[],"taxonomy":"category","extraData":[]},"publishpress_future_workflow_manual_trigger":{"enabledWorkflows":[]},"_links":{"self":[{"href":"https:\/\/www.pfarregersthof.at\/komm\/wp-json\/wp\/v2\/posts\/2777","targetHints":{"allow":["GET"]}}],"collection":[{"href":"https:\/\/www.pfarregersthof.at\/komm\/wp-json\/wp\/v2\/posts"}],"about":[{"href":"https:\/\/www.pfarregersthof.at\/komm\/wp-json\/wp\/v2\/types\/post"}],"author":[{"embeddable":true,"href":"https:\/\/www.pfarregersthof.at\/komm\/wp-json\/wp\/v2\/users\/2"}],"replies":[{"embeddable":true,"href":"https:\/\/www.pfarregersthof.at\/komm\/wp-json\/wp\/v2\/comments?post=2777"}],"version-history":[{"count":6,"href":"https:\/\/www.pfarregersthof.at\/komm\/wp-json\/wp\/v2\/posts\/2777\/revisions"}],"predecessor-version":[{"id":2785,"href":"https:\/\/www.pfarregersthof.at\/komm\/wp-json\/wp\/v2\/posts\/2777\/revisions\/2785"}],"wp:featuredmedia":[{"embeddable":true,"href":"https:\/\/www.pfarregersthof.at\/komm\/wp-json\/wp\/v2\/media\/2778"}],"wp:attachment":[{"href":"https:\/\/www.pfarregersthof.at\/komm\/wp-json\/wp\/v2\/media?parent=2777"}],"wp:term":[{"taxonomy":"category","embeddable":true,"href":"https:\/\/www.pfarregersthof.at\/komm\/wp-json\/wp\/v2\/categories?post=2777"},{"taxonomy":"post_tag","embeddable":true,"href":"https:\/\/www.pfarregersthof.at\/komm\/wp-json\/wp\/v2\/tags?post=2777"}],"curies":[{"name":"wp","href":"https:\/\/api.w.org\/{rel}","templated":true}]}}