{"id":2862,"date":"2014-12-20T17:20:18","date_gmt":"2014-12-20T15:20:18","guid":{"rendered":"http:\/\/www.pfarregersthof.at\/komm\/?p=2862"},"modified":"2015-05-31T21:35:37","modified_gmt":"2015-05-31T19:35:37","slug":"advent-und-weihnachten","status":"publish","type":"post","link":"https:\/\/www.pfarregersthof.at\/komm\/2014\/12\/advent-und-weihnachten\/","title":{"rendered":"Weihnachtenszeit"},"content":{"rendered":"<h2>Die Weihnachtszeit<\/h2>\n<p><strong>So., 28. 12. &#8211; Fest der Heiligen Familie<\/strong> (1. Sonntag in der Weihnachtszeit)<\/p>\n<p>Gottesdienste in der PfK: 8.30 Uhr, 18.30 Uhr<br \/>\nUm 10.00 Uhr als \u201eWeihnachtshochamt\u201c mitgestaltet durch die Kantorei<br \/>\nGottesdienst in der JNK: 11.30 Uhr<\/p>\n<p><strong>Mi., 31. 12. &#8211; Silvester<\/strong><br \/>\nPfK:\u00a0\u00a0 \u00a017.00 Uhr, Jahresschluss-Gottesdienst<br \/>\nals Prediger d\u00fcrfen wir diesmal Herrn Dr. Arnold Mettnitzer, Theologe und Pychotherapeut unserer Mitte herzlich begr\u00fc\u00dfen! Der Leitgedanke f\u00fcr seine Predigt ist: \u201eF\u00fcrchte dich nimmer, denn ich bin bei dir!\u201c<br \/>\nDie Torkollekte ist f\u00fcr die Krankenhausseelsorge und das \u201cHaus der Barmherzigkeit\u201c bestimmt.<\/p>\n<p><strong>Do., 1. 1. &#8211; Neujahr<\/strong><br \/>\nGottesdienst in der PfK: 9.30 Uhr<br \/>\nGottesdienst in der JNK:\u00a0\u00a0 \u00a011.30 Uhr<br \/>\n18.00-19.30 PfK: Anbetung<\/p>\n<p><strong>Sa., 3. 1.,<\/strong><br \/>\n18.10 Uhr Pfk\/OK: Vesper &#8211; Abendgebet<br \/>\n18.30 Uhr PfK: Gottesdienst am Vorabend<\/p>\n<p><strong>So., 4. 1. &#8211; 2. Sonntag in der Weihnachtszeit<\/strong><br \/>\nGottesdienste in der PfK:<br \/>\n8.30 Uhr, 10.00 Uhr, 18.30 Uhr<br \/>\nGottesdienst in der JNK: 11.30 Uhr<\/p>\n<p><strong>Mo, 5. 1.<\/strong><br \/>\n18.10 Uhr Pfk\/OK: Vesper &#8211; Abendgebet<br \/>\n18.30 Uhr PfK: Gottesdienst am Vorabend<\/p>\n<h3>Sternsingeraktion : 4. \u2013 7. J\u00e4nner &#8211; mit der Bitte um herzliche Aufnahme!<\/h3>\n<p><strong>Di., 6. 1. &#8211; Epiphanie &#8211; Hochfest der Erscheinung des Herrn<\/strong><br \/>\nGottesdienst in der PfK: 9.30Uhr<br \/>\nGottesdienst in der JNK: 11.30 Uhr<\/p>\n<p><strong>Fr., 9. 1.<\/strong><br \/>\n19.00 Uhr, PfK: Vesper mit Weihnachtslieder-<br \/>\nSingen gemeinsam mit Allegro Vivace,<br \/>\nanschl. GZ: MitarbeiterInnen-Empfang<\/p>\n<p><strong>Sa., 10. 1.<\/strong><br \/>\n8.00 Uhr Pfk: Trauergottesdienst, anschl. GZ \u00a0\u00a0 \u00a0Beisammensein \u2013 Caritasteam l\u00e4dt ein!<br \/>\n18.10 Uhr PfK\/OK: Vesper-Abendgebet<br \/>\n18.30 Uhr PfK: Gottesdienst am Vorabend<\/p>\n<p><strong>So., 11. 1. &#8211; Fest Taufe des Herrn<\/strong><br \/>\nGottesdienste in der PfK: 8.30 Uhr, 18.30 Uhr<br \/>\n10.00 Uhr als Familiengottesdienst<br \/>\nGottesdienst in der JNK:\u00a0\u00a0 \u00a011.30 Uhr<\/p>\n<p><strong>Orte und ihre Abk\u00fcrzungen:<\/strong><br \/>\nPfK: Pfarrkirche Bischof-Faber Platz<br \/>\nOK: Osterkapelle in der Pfarrkirche<br \/>\nJKp: Jugendkapelle<br \/>\nGZ: Gemeindezentrum Bastiengasse 18<br \/>\nJNK: Johannes Nepomuk Kapelle, Gersthoferstra\u00dfe 129<br \/>\nPfH: Pfarrhaus Bischof-Faber-Platz 7<\/p>\n","protected":false},"excerpt":{"rendered":"<p>Die Weihnachtszeit So., 28. 12. &#8211; Fest der Heiligen Familie (1. Sonntag in der Weihnachtszeit) Gottesdienste in der PfK: 8.30 Uhr, 18.30 Uhr Um 10.00 Uhr als \u201eWeihnachtshochamt\u201c mitgestaltet durch die Kantorei Gottesdienst in der JNK: 11.30 Uhr Mi., 31. 12. &#8211; Silvester PfK:\u00a0\u00a0 \u00a017.00 Uhr, Jahresschluss-Gottesdienst als Prediger d\u00fcrfen wir diesmal Herrn Dr. Arnold [&hellip;]<\/p>\n","protected":false},"author":2,"featured_media":2941,"comment_status":"open","ping_status":"open","sticky":false,"template":"","format":"standard","meta":{"ngg_post_thumbnail":0,"footnotes":""},"categories":[7],"tags":[],"class_list":{"0":"post-2862","1":"post","2":"type-post","3":"status-publish","4":"format-standard","5":"has-post-thumbnail","7":"category-archiv"},"publishpress_future_action":{"enabled":false,"date":"2026-05-06 17:46:49","action":"category","newStatus":"draft","terms":[],"taxonomy":"category","extraData":[]},"publishpress_future_workflow_manual_trigger":{"enabledWorkflows":[]},"_links":{"self":[{"href":"https:\/\/www.pfarregersthof.at\/komm\/wp-json\/wp\/v2\/posts\/2862","targetHints":{"allow":["GET"]}}],"collection":[{"href":"https:\/\/www.pfarregersthof.at\/komm\/wp-json\/wp\/v2\/posts"}],"about":[{"href":"https:\/\/www.pfarregersthof.at\/komm\/wp-json\/wp\/v2\/types\/post"}],"author":[{"embeddable":true,"href":"https:\/\/www.pfarregersthof.at\/komm\/wp-json\/wp\/v2\/users\/2"}],"replies":[{"embeddable":true,"href":"https:\/\/www.pfarregersthof.at\/komm\/wp-json\/wp\/v2\/comments?post=2862"}],"version-history":[{"count":8,"href":"https:\/\/www.pfarregersthof.at\/komm\/wp-json\/wp\/v2\/posts\/2862\/revisions"}],"predecessor-version":[{"id":2942,"href":"https:\/\/www.pfarregersthof.at\/komm\/wp-json\/wp\/v2\/posts\/2862\/revisions\/2942"}],"wp:featuredmedia":[{"embeddable":true,"href":"https:\/\/www.pfarregersthof.at\/komm\/wp-json\/wp\/v2\/media\/2941"}],"wp:attachment":[{"href":"https:\/\/www.pfarregersthof.at\/komm\/wp-json\/wp\/v2\/media?parent=2862"}],"wp:term":[{"taxonomy":"category","embeddable":true,"href":"https:\/\/www.pfarregersthof.at\/komm\/wp-json\/wp\/v2\/categories?post=2862"},{"taxonomy":"post_tag","embeddable":true,"href":"https:\/\/www.pfarregersthof.at\/komm\/wp-json\/wp\/v2\/tags?post=2862"}],"curies":[{"name":"wp","href":"https:\/\/api.w.org\/{rel}","templated":true}]}}