{"id":2894,"date":"2014-11-30T19:41:30","date_gmt":"2014-11-30T17:41:30","guid":{"rendered":"http:\/\/www.pfarregersthof.at\/komm\/?p=2894"},"modified":"2014-12-05T22:01:38","modified_gmt":"2014-12-05T20:01:38","slug":"kinderbuchausstellung-2-4-12","status":"publish","type":"post","link":"https:\/\/www.pfarregersthof.at\/komm\/2014\/11\/kinderbuchausstellung-2-4-12\/","title":{"rendered":"Kinderbuchausstellung (2. &#8211; 4.12.)"},"content":{"rendered":"<p>In dieser Woche laden wir zu einer Kinderbuchausstellung im Pfarrkindergarten, Wallri\u00dfstra\u00dfe 45, ein, bei der man auch gleich bestellen kann.<\/p>\n<p>Alle sind herzlich willkommen!<br \/>\n\u00d6ffnungszeiten:<br \/>\nDienstag, 2.12., von 8.00 \u2013 12.00 Uhr,<br \/>\nMittwoch, 3.12., von 8.00 -16.00 Uhr,<br \/>\nDonnerstag, 4.12., von 8.00 \u2013 15.00 Uhr.<br \/>\nDie Lieferung erfolgt verl\u00e4sslich vor Weihnachten.<br \/>\nDer Kindergarten wird am Umsatz beteiligt.<\/p>\n<p>Wir freuen uns auf Ihren Besuch.<br \/>\n<span style=\"color: #3366ff;\"><em>Johanna Urban<\/em><\/span><\/p>\n","protected":false},"excerpt":{"rendered":"<p>In dieser Woche laden wir zu einer Kinderbuchausstellung im Pfarrkindergarten, Wallri\u00dfstra\u00dfe 45, ein, bei der man auch gleich bestellen kann. Alle sind herzlich willkommen! \u00d6ffnungszeiten: Dienstag, 2.12., von 8.00 \u2013 12.00 Uhr, Mittwoch, 3.12., von 8.00 -16.00 Uhr, Donnerstag, 4.12., von 8.00 \u2013 15.00 Uhr. Die Lieferung erfolgt verl\u00e4sslich vor Weihnachten. Der Kindergarten wird am [&hellip;]<\/p>\n","protected":false},"author":2,"featured_media":0,"comment_status":"open","ping_status":"open","sticky":false,"template":"","format":"standard","meta":{"ngg_post_thumbnail":0,"footnotes":""},"categories":[7],"tags":[],"class_list":{"0":"post-2894","1":"post","2":"type-post","3":"status-publish","4":"format-standard","6":"category-archiv"},"publishpress_future_action":{"enabled":false,"date":"2026-05-06 23:26:16","action":"category","newStatus":"draft","terms":[],"taxonomy":"category","extraData":[]},"publishpress_future_workflow_manual_trigger":{"enabledWorkflows":[]},"_links":{"self":[{"href":"https:\/\/www.pfarregersthof.at\/komm\/wp-json\/wp\/v2\/posts\/2894","targetHints":{"allow":["GET"]}}],"collection":[{"href":"https:\/\/www.pfarregersthof.at\/komm\/wp-json\/wp\/v2\/posts"}],"about":[{"href":"https:\/\/www.pfarregersthof.at\/komm\/wp-json\/wp\/v2\/types\/post"}],"author":[{"embeddable":true,"href":"https:\/\/www.pfarregersthof.at\/komm\/wp-json\/wp\/v2\/users\/2"}],"replies":[{"embeddable":true,"href":"https:\/\/www.pfarregersthof.at\/komm\/wp-json\/wp\/v2\/comments?post=2894"}],"version-history":[{"count":1,"href":"https:\/\/www.pfarregersthof.at\/komm\/wp-json\/wp\/v2\/posts\/2894\/revisions"}],"predecessor-version":[{"id":2895,"href":"https:\/\/www.pfarregersthof.at\/komm\/wp-json\/wp\/v2\/posts\/2894\/revisions\/2895"}],"wp:attachment":[{"href":"https:\/\/www.pfarregersthof.at\/komm\/wp-json\/wp\/v2\/media?parent=2894"}],"wp:term":[{"taxonomy":"category","embeddable":true,"href":"https:\/\/www.pfarregersthof.at\/komm\/wp-json\/wp\/v2\/categories?post=2894"},{"taxonomy":"post_tag","embeddable":true,"href":"https:\/\/www.pfarregersthof.at\/komm\/wp-json\/wp\/v2\/tags?post=2894"}],"curies":[{"name":"wp","href":"https:\/\/api.w.org\/{rel}","templated":true}]}}