{"id":2896,"date":"2014-12-04T15:30:42","date_gmt":"2014-12-04T13:30:42","guid":{"rendered":"http:\/\/www.pfarregersthof.at\/komm\/?p=2896"},"modified":"2014-12-13T16:50:06","modified_gmt":"2014-12-13T14:50:06","slug":"sing-along-fuer-frauenprojekte-12-12","status":"publish","type":"post","link":"https:\/\/www.pfarregersthof.at\/komm\/2014\/12\/sing-along-fuer-frauenprojekte-12-12\/","title":{"rendered":"Sing Along f\u00fcr Frauenprojekte (12.12.)"},"content":{"rendered":"<p><a href=\"https:\/\/www.pfarregersthof.at\/komm\/wp-content\/uploads\/2014\/12\/Sing-Along_Dez-2014_Mail.jpg\"><img loading=\"lazy\" decoding=\"async\" class=\"alignleft wp-image-2897 size-large\" src=\"https:\/\/www.pfarregersthof.at\/komm\/wp-content\/uploads\/2014\/12\/Sing-Along_Dez-2014_Mail-800x377.jpg\" alt=\"Sing Along_Dez 2014_Mail\" width=\"800\" height=\"377\" srcset=\"https:\/\/www.pfarregersthof.at\/komm\/wp-content\/uploads\/2014\/12\/Sing-Along_Dez-2014_Mail-800x377.jpg 800w, https:\/\/www.pfarregersthof.at\/komm\/wp-content\/uploads\/2014\/12\/Sing-Along_Dez-2014_Mail-150x71.jpg 150w, https:\/\/www.pfarregersthof.at\/komm\/wp-content\/uploads\/2014\/12\/Sing-Along_Dez-2014_Mail-300x141.jpg 300w, https:\/\/www.pfarregersthof.at\/komm\/wp-content\/uploads\/2014\/12\/Sing-Along_Dez-2014_Mail-768x362.jpg 768w, https:\/\/www.pfarregersthof.at\/komm\/wp-content\/uploads\/2014\/12\/Sing-Along_Dez-2014_Mail.jpg 827w\" sizes=\"auto, (max-width: 800px) 100vw, 800px\" \/><\/a><\/p>\n<p>&nbsp;<\/p>\n<p>Ganz bewusst laden wir im Advent zum Singen und Teilen:<br \/>\nGemeinsames Singen von Liedern aus verschiedenen spirituellen Traditionen und Kulturen unter Anleitung von Heidi Clementi; begleitet von Informationen zu entwicklungspolitischen Frauenprojekten und Zeit zum Kennenlernen und Austausch beim Buffet.<\/p>\n<p>Seit 1958 unterst\u00fctzt die Katholische Frauenbewegung mit ihrer Aktion Familienfasttag Frauenprojekte in Lateinamerika, Asien und Afrika und sensibilisiert Menschen in \u00d6sterreich f\u00fcr weltweite Zusammenh\u00e4nge von Armut und Reichtum und \u00fcber Ungerechtigkeiten in der Verteilung von Chancen.<\/p>\n<p>Eine Veranstaltung der Katholischen Frauenbewegung der Erzdi\u00f6zese Wien, 01\/51552\/3345<br \/>\nMindestspende \u20ac 20,- (bitte beim Eintritt begleichen)<\/p>\n<p>&nbsp;<\/p>\n","protected":false},"excerpt":{"rendered":"<p>&nbsp; Ganz bewusst laden wir im Advent zum Singen und Teilen: Gemeinsames Singen von Liedern aus verschiedenen spirituellen Traditionen und Kulturen unter Anleitung von Heidi Clementi; begleitet von Informationen zu entwicklungspolitischen Frauenprojekten und Zeit zum Kennenlernen und Austausch beim Buffet. Seit 1958 unterst\u00fctzt die Katholische Frauenbewegung mit ihrer Aktion Familienfasttag Frauenprojekte in Lateinamerika, Asien und [&hellip;]<\/p>\n","protected":false},"author":2,"featured_media":0,"comment_status":"open","ping_status":"open","sticky":false,"template":"","format":"standard","meta":{"ngg_post_thumbnail":0,"footnotes":""},"categories":[7],"tags":[],"class_list":{"0":"post-2896","1":"post","2":"type-post","3":"status-publish","4":"format-standard","6":"category-archiv"},"publishpress_future_action":{"enabled":false,"date":"2026-05-06 22:05:52","action":"category","newStatus":"draft","terms":[],"taxonomy":"category","extraData":[]},"publishpress_future_workflow_manual_trigger":{"enabledWorkflows":[]},"_links":{"self":[{"href":"https:\/\/www.pfarregersthof.at\/komm\/wp-json\/wp\/v2\/posts\/2896","targetHints":{"allow":["GET"]}}],"collection":[{"href":"https:\/\/www.pfarregersthof.at\/komm\/wp-json\/wp\/v2\/posts"}],"about":[{"href":"https:\/\/www.pfarregersthof.at\/komm\/wp-json\/wp\/v2\/types\/post"}],"author":[{"embeddable":true,"href":"https:\/\/www.pfarregersthof.at\/komm\/wp-json\/wp\/v2\/users\/2"}],"replies":[{"embeddable":true,"href":"https:\/\/www.pfarregersthof.at\/komm\/wp-json\/wp\/v2\/comments?post=2896"}],"version-history":[{"count":1,"href":"https:\/\/www.pfarregersthof.at\/komm\/wp-json\/wp\/v2\/posts\/2896\/revisions"}],"predecessor-version":[{"id":2898,"href":"https:\/\/www.pfarregersthof.at\/komm\/wp-json\/wp\/v2\/posts\/2896\/revisions\/2898"}],"wp:attachment":[{"href":"https:\/\/www.pfarregersthof.at\/komm\/wp-json\/wp\/v2\/media?parent=2896"}],"wp:term":[{"taxonomy":"category","embeddable":true,"href":"https:\/\/www.pfarregersthof.at\/komm\/wp-json\/wp\/v2\/categories?post=2896"},{"taxonomy":"post_tag","embeddable":true,"href":"https:\/\/www.pfarregersthof.at\/komm\/wp-json\/wp\/v2\/tags?post=2896"}],"curies":[{"name":"wp","href":"https:\/\/api.w.org\/{rel}","templated":true}]}}