{"id":2900,"date":"2014-12-05T22:07:47","date_gmt":"2014-12-05T20:07:47","guid":{"rendered":"http:\/\/www.pfarregersthof.at\/komm\/?p=2900"},"modified":"2014-12-13T16:49:53","modified_gmt":"2014-12-13T14:49:53","slug":"besinnlicher-advent-wortwoertlich-13-12","status":"publish","type":"post","link":"https:\/\/www.pfarregersthof.at\/komm\/2014\/12\/besinnlicher-advent-wortwoertlich-13-12\/","title":{"rendered":"Besinnlicher Advent &#8211; wortw\u00f6rtlich (13.12.)"},"content":{"rendered":"<p>Der aus Gersthof stammende P. Maximilian Krenn, OSB, Prior des Stiftes G\u00f6ttweig, wird uns am <strong>Samstag, 13.12., ab 15.00<\/strong> in drei Vortr\u00e4gen einen Besinnungsnachmittag im Gemeindezentrum, Bastiengasse 18, halten.<\/p>\n<p>Dazu l\u00e4dt ein: Pfr. Norbert<\/p>\n","protected":false},"excerpt":{"rendered":"<p>Der aus Gersthof stammende P. Maximilian Krenn, OSB, Prior des Stiftes G\u00f6ttweig, wird uns am Samstag, 13.12., ab 15.00 in drei Vortr\u00e4gen einen Besinnungsnachmittag im Gemeindezentrum, Bastiengasse 18, halten. Dazu l\u00e4dt ein: Pfr. Norbert<\/p>\n","protected":false},"author":2,"featured_media":0,"comment_status":"open","ping_status":"open","sticky":false,"template":"","format":"standard","meta":{"ngg_post_thumbnail":0,"footnotes":""},"categories":[7],"tags":[],"class_list":{"0":"post-2900","1":"post","2":"type-post","3":"status-publish","4":"format-standard","6":"category-archiv"},"publishpress_future_action":{"enabled":false,"date":"2026-05-06 20:43:31","action":"category","newStatus":"draft","terms":[],"taxonomy":"category","extraData":[]},"publishpress_future_workflow_manual_trigger":{"enabledWorkflows":[]},"_links":{"self":[{"href":"https:\/\/www.pfarregersthof.at\/komm\/wp-json\/wp\/v2\/posts\/2900","targetHints":{"allow":["GET"]}}],"collection":[{"href":"https:\/\/www.pfarregersthof.at\/komm\/wp-json\/wp\/v2\/posts"}],"about":[{"href":"https:\/\/www.pfarregersthof.at\/komm\/wp-json\/wp\/v2\/types\/post"}],"author":[{"embeddable":true,"href":"https:\/\/www.pfarregersthof.at\/komm\/wp-json\/wp\/v2\/users\/2"}],"replies":[{"embeddable":true,"href":"https:\/\/www.pfarregersthof.at\/komm\/wp-json\/wp\/v2\/comments?post=2900"}],"version-history":[{"count":1,"href":"https:\/\/www.pfarregersthof.at\/komm\/wp-json\/wp\/v2\/posts\/2900\/revisions"}],"predecessor-version":[{"id":2901,"href":"https:\/\/www.pfarregersthof.at\/komm\/wp-json\/wp\/v2\/posts\/2900\/revisions\/2901"}],"wp:attachment":[{"href":"https:\/\/www.pfarregersthof.at\/komm\/wp-json\/wp\/v2\/media?parent=2900"}],"wp:term":[{"taxonomy":"category","embeddable":true,"href":"https:\/\/www.pfarregersthof.at\/komm\/wp-json\/wp\/v2\/categories?post=2900"},{"taxonomy":"post_tag","embeddable":true,"href":"https:\/\/www.pfarregersthof.at\/komm\/wp-json\/wp\/v2\/tags?post=2900"}],"curies":[{"name":"wp","href":"https:\/\/api.w.org\/{rel}","templated":true}]}}