{"id":2902,"date":"2014-12-05T22:10:46","date_gmt":"2014-12-05T20:10:46","guid":{"rendered":"http:\/\/www.pfarregersthof.at\/komm\/?p=2902"},"modified":"2014-12-13T16:49:20","modified_gmt":"2014-12-13T14:49:20","slug":"sind-wir-licht-fuer-diese-welt-jugendmesse-13-12","status":"publish","type":"post","link":"https:\/\/www.pfarregersthof.at\/komm\/2014\/12\/sind-wir-licht-fuer-diese-welt-jugendmesse-13-12\/","title":{"rendered":"&#8222;Sind wir Licht f\u00fcr diese Welt&#8220; Jugendmesse (13.12.)"},"content":{"rendered":"<p>Herzliche Einladung zum Jugendgottesdienst am Samstag, 13.12.2014, um 18.30 Uhr mit dem Thema: &#8222;Sind wir Licht f\u00fcr diese Welt?&#8220; Wir wollen bei diesem Gottesdienst in der Adventzeit nachdenken, wo und f\u00fcr wen wir &#8222;Licht&#8220; sein wollen und k\u00f6nnen&#8230;<br \/>\nDen Gottesdienst feiert der Benediktinerpater Maximilian Krenn mit uns.<\/p>\n<p><span style=\"color: #3366ff;\"><em>Norbert Kaiser<\/em><\/span><\/p>\n","protected":false},"excerpt":{"rendered":"<p>Herzliche Einladung zum Jugendgottesdienst am Samstag, 13.12.2014, um 18.30 Uhr mit dem Thema: &#8222;Sind wir Licht f\u00fcr diese Welt?&#8220; Wir wollen bei diesem Gottesdienst in der Adventzeit nachdenken, wo und f\u00fcr wen wir &#8222;Licht&#8220; sein wollen und k\u00f6nnen&#8230; Den Gottesdienst feiert der Benediktinerpater Maximilian Krenn mit uns. Norbert Kaiser<\/p>\n","protected":false},"author":2,"featured_media":0,"comment_status":"open","ping_status":"open","sticky":false,"template":"","format":"standard","meta":{"ngg_post_thumbnail":0,"footnotes":""},"categories":[7],"tags":[],"class_list":{"0":"post-2902","1":"post","2":"type-post","3":"status-publish","4":"format-standard","6":"category-archiv"},"publishpress_future_action":{"enabled":false,"date":"2026-05-06 19:30:31","action":"category","newStatus":"draft","terms":[],"taxonomy":"category","extraData":[]},"publishpress_future_workflow_manual_trigger":{"enabledWorkflows":[]},"_links":{"self":[{"href":"https:\/\/www.pfarregersthof.at\/komm\/wp-json\/wp\/v2\/posts\/2902","targetHints":{"allow":["GET"]}}],"collection":[{"href":"https:\/\/www.pfarregersthof.at\/komm\/wp-json\/wp\/v2\/posts"}],"about":[{"href":"https:\/\/www.pfarregersthof.at\/komm\/wp-json\/wp\/v2\/types\/post"}],"author":[{"embeddable":true,"href":"https:\/\/www.pfarregersthof.at\/komm\/wp-json\/wp\/v2\/users\/2"}],"replies":[{"embeddable":true,"href":"https:\/\/www.pfarregersthof.at\/komm\/wp-json\/wp\/v2\/comments?post=2902"}],"version-history":[{"count":1,"href":"https:\/\/www.pfarregersthof.at\/komm\/wp-json\/wp\/v2\/posts\/2902\/revisions"}],"predecessor-version":[{"id":2903,"href":"https:\/\/www.pfarregersthof.at\/komm\/wp-json\/wp\/v2\/posts\/2902\/revisions\/2903"}],"wp:attachment":[{"href":"https:\/\/www.pfarregersthof.at\/komm\/wp-json\/wp\/v2\/media?parent=2902"}],"wp:term":[{"taxonomy":"category","embeddable":true,"href":"https:\/\/www.pfarregersthof.at\/komm\/wp-json\/wp\/v2\/categories?post=2902"},{"taxonomy":"post_tag","embeddable":true,"href":"https:\/\/www.pfarregersthof.at\/komm\/wp-json\/wp\/v2\/tags?post=2902"}],"curies":[{"name":"wp","href":"https:\/\/api.w.org\/{rel}","templated":true}]}}