{"id":2904,"date":"2014-12-05T22:14:36","date_gmt":"2014-12-05T20:14:36","guid":{"rendered":"http:\/\/www.pfarregersthof.at\/komm\/?p=2904"},"modified":"2014-12-13T16:49:02","modified_gmt":"2014-12-13T14:49:02","slug":"gebet-fuer-die-friedensnobelpreistraeger-10-12","status":"publish","type":"post","link":"https:\/\/www.pfarregersthof.at\/komm\/2014\/12\/gebet-fuer-die-friedensnobelpreistraeger-10-12\/","title":{"rendered":"Gebet f\u00fcr die Friedensnobelpreistr\u00e4ger (10.12.)"},"content":{"rendered":"<p>Wir laden ein zu einem Friedensgebet anl\u00e4sslich der \u00dcbergabe des Friedensnobelpreises<\/p>\n<p>Frieden ist das wohl wichtigste Gut, das wir haben k\u00f6nnen &#8211; und doch gibt es Millionen M\u00e4nner, Frauen und Kinder weltweit, denen eben dieser Frieden verwehrt bleibt. Heuer wurde der Friedensnobelpreis an die 17-j\u00e4hrige Malala Yousafzai aus Pakistan und den 51-j\u00e4hrigen Inder Kailash Satyarthi verliehen, die sich unerm\u00fcdlich gerade f\u00fcr die Rechte von Kindern und Jugendlichen einsetzen. Aus diesem Anlass wollen wir am <strong>Mittwoch, 10.12., um 18 Uhr in der Jugendkapelle<\/strong> (in der Pfarrkirche auf dem Bischof-Faber-Platz) f\u00fcr eine halbe Stunde gemeinsam innehalten, \u00fcber unseren Beitrag zum Frieden nachdenken und zusammen f\u00fcr dieses Ziel beten.<\/p>\n<p>Sie sind alle herzlich dazu eingeladen!<br \/>\n<span style=\"color: #3366ff;\"><em>Norbert Kaiser, Monika Gamillscheg, Julian Schmidt<\/em><\/span><\/p>\n","protected":false},"excerpt":{"rendered":"<p>Wir laden ein zu einem Friedensgebet anl\u00e4sslich der \u00dcbergabe des Friedensnobelpreises Frieden ist das wohl wichtigste Gut, das wir haben k\u00f6nnen &#8211; und doch gibt es Millionen M\u00e4nner, Frauen und Kinder weltweit, denen eben dieser Frieden verwehrt bleibt. Heuer wurde der Friedensnobelpreis an die 17-j\u00e4hrige Malala Yousafzai aus Pakistan und den 51-j\u00e4hrigen Inder Kailash Satyarthi [&hellip;]<\/p>\n","protected":false},"author":2,"featured_media":0,"comment_status":"open","ping_status":"open","sticky":false,"template":"","format":"standard","meta":{"ngg_post_thumbnail":0,"footnotes":""},"categories":[7],"tags":[],"class_list":{"0":"post-2904","1":"post","2":"type-post","3":"status-publish","4":"format-standard","6":"category-archiv"},"publishpress_future_action":{"enabled":false,"date":"2026-05-06 18:06:43","action":"category","newStatus":"draft","terms":[],"taxonomy":"category","extraData":[]},"publishpress_future_workflow_manual_trigger":{"enabledWorkflows":[]},"_links":{"self":[{"href":"https:\/\/www.pfarregersthof.at\/komm\/wp-json\/wp\/v2\/posts\/2904","targetHints":{"allow":["GET"]}}],"collection":[{"href":"https:\/\/www.pfarregersthof.at\/komm\/wp-json\/wp\/v2\/posts"}],"about":[{"href":"https:\/\/www.pfarregersthof.at\/komm\/wp-json\/wp\/v2\/types\/post"}],"author":[{"embeddable":true,"href":"https:\/\/www.pfarregersthof.at\/komm\/wp-json\/wp\/v2\/users\/2"}],"replies":[{"embeddable":true,"href":"https:\/\/www.pfarregersthof.at\/komm\/wp-json\/wp\/v2\/comments?post=2904"}],"version-history":[{"count":1,"href":"https:\/\/www.pfarregersthof.at\/komm\/wp-json\/wp\/v2\/posts\/2904\/revisions"}],"predecessor-version":[{"id":2905,"href":"https:\/\/www.pfarregersthof.at\/komm\/wp-json\/wp\/v2\/posts\/2904\/revisions\/2905"}],"wp:attachment":[{"href":"https:\/\/www.pfarregersthof.at\/komm\/wp-json\/wp\/v2\/media?parent=2904"}],"wp:term":[{"taxonomy":"category","embeddable":true,"href":"https:\/\/www.pfarregersthof.at\/komm\/wp-json\/wp\/v2\/categories?post=2904"},{"taxonomy":"post_tag","embeddable":true,"href":"https:\/\/www.pfarregersthof.at\/komm\/wp-json\/wp\/v2\/tags?post=2904"}],"curies":[{"name":"wp","href":"https:\/\/api.w.org\/{rel}","templated":true}]}}