{"id":2909,"date":"2014-12-20T17:12:12","date_gmt":"2014-12-20T15:12:12","guid":{"rendered":"http:\/\/www.pfarregersthof.at\/komm\/?p=2909"},"modified":"2014-12-30T09:52:15","modified_gmt":"2014-12-30T07:52:15","slug":"dienst-an-gott-und-am-menschen-ist-eins","status":"publish","type":"post","link":"https:\/\/www.pfarregersthof.at\/komm\/2014\/12\/dienst-an-gott-und-am-menschen-ist-eins\/","title":{"rendered":"Dienst an Gott und am Menschen ist eins"},"content":{"rendered":"<p><a href=\"https:\/\/www.pfarregersthof.at\/komm\/wp-content\/uploads\/2014\/12\/mwsat-20141214-IMG_0847.jpg\"><img loading=\"lazy\" decoding=\"async\" class=\"alignleft size-medium wp-image-2919\" src=\"https:\/\/www.pfarregersthof.at\/komm\/wp-content\/uploads\/2014\/12\/mwsat-20141214-IMG_0847-300x200.jpg\" alt=\"Weihnachtspaketmesse mit Caritaspr\u00e4sident Landau\" width=\"300\" height=\"200\" srcset=\"https:\/\/www.pfarregersthof.at\/komm\/wp-content\/uploads\/2014\/12\/mwsat-20141214-IMG_0847-300x200.jpg 300w, https:\/\/www.pfarregersthof.at\/komm\/wp-content\/uploads\/2014\/12\/mwsat-20141214-IMG_0847-150x100.jpg 150w, https:\/\/www.pfarregersthof.at\/komm\/wp-content\/uploads\/2014\/12\/mwsat-20141214-IMG_0847-800x534.jpg 800w, https:\/\/www.pfarregersthof.at\/komm\/wp-content\/uploads\/2014\/12\/mwsat-20141214-IMG_0847-768x512.jpg 768w, https:\/\/www.pfarregersthof.at\/komm\/wp-content\/uploads\/2014\/12\/mwsat-20141214-IMG_0847.jpg 1000w\" sizes=\"auto, (max-width: 300px) 100vw, 300px\" \/><\/a>864 Menschen, davon 582 Kinder, wurden heuer durch die Weihnachtspaketaktion unserer Pfarre beschenkt. Die Zahl der Bed\u00fcrftigen steigt immer mehr, stellte Sissy P\u00e4chter, die Leiterin der Aktion fest, vor allem war auch heuer festzustellen, dass vermehrt ganz junge M\u00fctter oder j\u00fcngere Einzelpersonen genannt wurden, die in betreuten Einrichtungen leben. Bei dieser Aktion sind Menschen aus der Pfarrgemeinde eingeladen, ein Paket f\u00fcr eine namentlich nicht genannte Person oder Familie nach deren Bed\u00fcrfnissen zusammenzustellen und zu verpacken. Diese mit Kennnummern versehenen Pakete werden dann von Mitarbeiterinnen und Mitarbeitern des Caritas-Teams zuerst gesammelt und dann an die entsprechenden Empf\u00e4nger ausgeliefert.<\/p>\n<p>&nbsp;<\/p>\n<p><a href=\"https:\/\/www.pfarregersthof.at\/komm\/wp-content\/uploads\/2014\/12\/mwsat-20141214-IMG_0867.jpg\"><img loading=\"lazy\" decoding=\"async\" class=\"alignright size-medium wp-image-2915\" src=\"https:\/\/www.pfarregersthof.at\/komm\/wp-content\/uploads\/2014\/12\/mwsat-20141214-IMG_0867-300x200.jpg\" alt=\"Weihnachtspaketmesse mit Caritaspr\u00e4sident Landau\" width=\"300\" height=\"200\" srcset=\"https:\/\/www.pfarregersthof.at\/komm\/wp-content\/uploads\/2014\/12\/mwsat-20141214-IMG_0867-300x200.jpg 300w, https:\/\/www.pfarregersthof.at\/komm\/wp-content\/uploads\/2014\/12\/mwsat-20141214-IMG_0867-150x100.jpg 150w, https:\/\/www.pfarregersthof.at\/komm\/wp-content\/uploads\/2014\/12\/mwsat-20141214-IMG_0867-800x534.jpg 800w, https:\/\/www.pfarregersthof.at\/komm\/wp-content\/uploads\/2014\/12\/mwsat-20141214-IMG_0867-768x512.jpg 768w, https:\/\/www.pfarregersthof.at\/komm\/wp-content\/uploads\/2014\/12\/mwsat-20141214-IMG_0867.jpg 1000w\" sizes=\"auto, (max-width: 300px) 100vw, 300px\" \/><\/a>Zum Abschluss der Aktion wurde am Sonntag, 14. Dezember, ein Gottesdienst mit dem Caritas-Pr\u00e4sidenten Dr. Michael Landau gefeiert. &#8222;Der Dienst an Gott und ein Dienst an Menschen ist ein Dienst&#8220;, unterstrich Landau in seiner Predigt und wies darauf hin, dass der &#8222;N\u00e4chste&#8220;, wie ihn die Bibel anspricht, nicht zuletzt die sozial Schwachen und Hilfsbed\u00fcrftigen sind. Wirtschaftlich erfolgreiches Vorankommen und soziales Vorankommen seien &#8222;die wesentlichen Bauelemente einer Br\u00fccke in die Zukunft&#8220;, stellte der Caritas-Pr\u00e4sident fest. Aus dieser Sicht sei es auch eine zentrale Aufgabe eines Staates, sich auf die Seite der sozial Schwachen zu stellen und sie zu unterst\u00fctzen.<\/p>\n<p><a href=\"https:\/\/www.pfarregersthof.at\/komm\/wp-content\/uploads\/2014\/12\/mwsat-20141214-IMG_0898.jpg\"><img loading=\"lazy\" decoding=\"async\" class=\"alignleft wp-image-2911 size-medium\" src=\"https:\/\/www.pfarregersthof.at\/komm\/wp-content\/uploads\/2014\/12\/mwsat-20141214-IMG_0898-300x200.jpg\" alt=\"Weihnachtspaketmesse mit Caritaspr\u00e4sident Landau\" width=\"300\" height=\"200\" srcset=\"https:\/\/www.pfarregersthof.at\/komm\/wp-content\/uploads\/2014\/12\/mwsat-20141214-IMG_0898-300x200.jpg 300w, https:\/\/www.pfarregersthof.at\/komm\/wp-content\/uploads\/2014\/12\/mwsat-20141214-IMG_0898-150x100.jpg 150w, https:\/\/www.pfarregersthof.at\/komm\/wp-content\/uploads\/2014\/12\/mwsat-20141214-IMG_0898-800x534.jpg 800w, https:\/\/www.pfarregersthof.at\/komm\/wp-content\/uploads\/2014\/12\/mwsat-20141214-IMG_0898-768x512.jpg 768w, https:\/\/www.pfarregersthof.at\/komm\/wp-content\/uploads\/2014\/12\/mwsat-20141214-IMG_0898.jpg 1000w\" sizes=\"auto, (max-width: 300px) 100vw, 300px\" \/><\/a>\u00a0\u201eMein Dank gilt den vielen Mitgliedern unserer Pfarrgemeinde, aber auch jenen, die nicht in unserem Pfarrgebiet beheimatet sind, darunter auch Mitglieder der Pfarre Heiligenstadt und Glanzing,&#8220; so Sissy P\u00e4chter, \u201edurch die gro\u00dfe Beteiligung aller Schulklassen der AHS-Neuland, der VS Marianum und der VS Bischof-Faber-Platz war es auch heuer wieder m\u00f6glich, &#8218;Gro\u00dffamilien&#8216; Freude zu bereiten. Pro Klasse wurden f\u00fcr &#8218;Ihre Familie&#8220; viele, viele Pakete geschn\u00fcrt.&#8216;<\/p>\n<p><a href=\"https:\/\/www.pfarregersthof.at\/komm\/wp-content\/uploads\/2014\/12\/mwsat-20141214-IMG_0885.jpg\"><img loading=\"lazy\" decoding=\"async\" class=\"alignleft wp-image-2913 size-large\" src=\"https:\/\/www.pfarregersthof.at\/komm\/wp-content\/uploads\/2014\/12\/mwsat-20141214-IMG_0885-800x533.jpg\" alt=\"Weihnachtspaketmesse mit Caritaspr\u00e4sident Landau\" width=\"800\" height=\"533\" \/><\/a><\/p>\n","protected":false},"excerpt":{"rendered":"<p>864 Menschen, davon 582 Kinder, wurden heuer durch die Weihnachtspaketaktion unserer Pfarre beschenkt. Die Zahl der Bed\u00fcrftigen steigt immer mehr, stellte Sissy P\u00e4chter, die Leiterin der Aktion fest, vor allem war auch heuer festzustellen, dass vermehrt ganz junge M\u00fctter oder j\u00fcngere Einzelpersonen genannt wurden, die in betreuten Einrichtungen leben. Bei dieser Aktion sind Menschen aus [&hellip;]<\/p>\n","protected":false},"author":2,"featured_media":2917,"comment_status":"open","ping_status":"open","sticky":false,"template":"","format":"standard","meta":{"ngg_post_thumbnail":0,"footnotes":""},"categories":[5],"tags":[],"class_list":{"0":"post-2909","1":"post","2":"type-post","3":"status-publish","4":"format-standard","5":"has-post-thumbnail","7":"category-was-gewesen-ist"},"publishpress_future_action":{"enabled":false,"date":"2026-05-06 16:17:14","action":"category","newStatus":"draft","terms":[],"taxonomy":"category","extraData":[]},"publishpress_future_workflow_manual_trigger":{"enabledWorkflows":[]},"_links":{"self":[{"href":"https:\/\/www.pfarregersthof.at\/komm\/wp-json\/wp\/v2\/posts\/2909","targetHints":{"allow":["GET"]}}],"collection":[{"href":"https:\/\/www.pfarregersthof.at\/komm\/wp-json\/wp\/v2\/posts"}],"about":[{"href":"https:\/\/www.pfarregersthof.at\/komm\/wp-json\/wp\/v2\/types\/post"}],"author":[{"embeddable":true,"href":"https:\/\/www.pfarregersthof.at\/komm\/wp-json\/wp\/v2\/users\/2"}],"replies":[{"embeddable":true,"href":"https:\/\/www.pfarregersthof.at\/komm\/wp-json\/wp\/v2\/comments?post=2909"}],"version-history":[{"count":6,"href":"https:\/\/www.pfarregersthof.at\/komm\/wp-json\/wp\/v2\/posts\/2909\/revisions"}],"predecessor-version":[{"id":2924,"href":"https:\/\/www.pfarregersthof.at\/komm\/wp-json\/wp\/v2\/posts\/2909\/revisions\/2924"}],"wp:featuredmedia":[{"embeddable":true,"href":"https:\/\/www.pfarregersthof.at\/komm\/wp-json\/wp\/v2\/media\/2917"}],"wp:attachment":[{"href":"https:\/\/www.pfarregersthof.at\/komm\/wp-json\/wp\/v2\/media?parent=2909"}],"wp:term":[{"taxonomy":"category","embeddable":true,"href":"https:\/\/www.pfarregersthof.at\/komm\/wp-json\/wp\/v2\/categories?post=2909"},{"taxonomy":"post_tag","embeddable":true,"href":"https:\/\/www.pfarregersthof.at\/komm\/wp-json\/wp\/v2\/tags?post=2909"}],"curies":[{"name":"wp","href":"https:\/\/api.w.org\/{rel}","templated":true}]}}