{"id":2925,"date":"2015-01-04T12:29:00","date_gmt":"2015-01-04T10:29:00","guid":{"rendered":"http:\/\/www.pfarregersthof.at\/komm\/?p=2925"},"modified":"2015-01-11T16:03:02","modified_gmt":"2015-01-11T14:03:02","slug":"sternsinger-in-gersthof-unterwegs-4-7-jaenner","status":"publish","type":"post","link":"https:\/\/www.pfarregersthof.at\/komm\/2015\/01\/sternsinger-in-gersthof-unterwegs-4-7-jaenner\/","title":{"rendered":"Sternsinger in Gersthof unterwegs: 4.-7. J\u00e4nner"},"content":{"rendered":"<p><a href=\"https:\/\/www.pfarregersthof.at\/komm\/wp-content\/uploads\/2014\/12\/mwsat-20150104-IMG_1249.jpg\"><img loading=\"lazy\" decoding=\"async\" class=\"alignright size-medium wp-image-2993\" src=\"https:\/\/www.pfarregersthof.at\/komm\/wp-content\/uploads\/2014\/12\/mwsat-20150104-IMG_1249-300x230.jpg\" alt=\"Sternsinger\" width=\"300\" height=\"230\" srcset=\"https:\/\/www.pfarregersthof.at\/komm\/wp-content\/uploads\/2014\/12\/mwsat-20150104-IMG_1249-300x230.jpg 300w, https:\/\/www.pfarregersthof.at\/komm\/wp-content\/uploads\/2014\/12\/mwsat-20150104-IMG_1249-150x115.jpg 150w, https:\/\/www.pfarregersthof.at\/komm\/wp-content\/uploads\/2014\/12\/mwsat-20150104-IMG_1249-800x612.jpg 800w, https:\/\/www.pfarregersthof.at\/komm\/wp-content\/uploads\/2014\/12\/mwsat-20150104-IMG_1249-768x588.jpg 768w, https:\/\/www.pfarregersthof.at\/komm\/wp-content\/uploads\/2014\/12\/mwsat-20150104-IMG_1249.jpg 1000w\" sizes=\"auto, (max-width: 300px) 100vw, 300px\" \/><\/a>\u00a1Bienvenidos!Willkommen!<br \/>\nDas sagen wir allen, die bei der Dreik\u00f6nigsaktion vom 4. bis 7. J\u00e4nner 2015 mitmachen: Kindern, Jugendlichen, Erwachsenen und allen, die mit ihrer Unterst\u00fctzung u. a. den Bauernfamilien im kargen bolivianischen Hochland helfen. Wir bitten um freundliche Aufnahme!<\/p>\n<p>Nutzen Sie die steuerliche Absetzbarkeit (die Sternsingeraktion der katholischen Jungschar hat das Spendeng\u00fctesiegel) und spenden Sie bitte entsprechend mehr &#8211; auf Wunsch werden von allen Gruppen Spendebest\u00e4tigungen ausgestellt, ebenso wie das nach den Gottesdiensten m\u00f6glich ist. Schon bei einem Verdienst von monatlich mehr als 1.050 netto k\u00f6nnten mit Spendenbest\u00e4tigung z.B. statt 20 \u20ac gleich 30 \u20ac gespendet werden, ohne dass es real mehr kostet.<\/p>\n<p>Wir hoffen auf eine gelungene Aktion und gro\u00dfz\u00fcgige Hilfe f\u00fcr Menschen in Not! Fritz Zeilinger und Hemma Gamillscheg<\/p>\n","protected":false},"excerpt":{"rendered":"<p>\u00a1Bienvenidos!Willkommen! Das sagen wir allen, die bei der Dreik\u00f6nigsaktion vom 4. bis 7. J\u00e4nner 2015 mitmachen: Kindern, Jugendlichen, Erwachsenen und allen, die mit ihrer Unterst\u00fctzung u. a. den Bauernfamilien im kargen bolivianischen Hochland helfen. Wir bitten um freundliche Aufnahme! Nutzen Sie die steuerliche Absetzbarkeit (die Sternsingeraktion der katholischen Jungschar hat das Spendeng\u00fctesiegel) und spenden Sie [&hellip;]<\/p>\n","protected":false},"author":2,"featured_media":2994,"comment_status":"open","ping_status":"open","sticky":false,"template":"","format":"standard","meta":{"ngg_post_thumbnail":0,"footnotes":""},"categories":[7],"tags":[],"class_list":{"0":"post-2925","1":"post","2":"type-post","3":"status-publish","4":"format-standard","5":"has-post-thumbnail","7":"category-archiv"},"publishpress_future_action":{"enabled":false,"date":"2026-05-07 02:33:18","action":"category","newStatus":"draft","terms":[],"taxonomy":"category","extraData":[]},"publishpress_future_workflow_manual_trigger":{"enabledWorkflows":[]},"_links":{"self":[{"href":"https:\/\/www.pfarregersthof.at\/komm\/wp-json\/wp\/v2\/posts\/2925","targetHints":{"allow":["GET"]}}],"collection":[{"href":"https:\/\/www.pfarregersthof.at\/komm\/wp-json\/wp\/v2\/posts"}],"about":[{"href":"https:\/\/www.pfarregersthof.at\/komm\/wp-json\/wp\/v2\/types\/post"}],"author":[{"embeddable":true,"href":"https:\/\/www.pfarregersthof.at\/komm\/wp-json\/wp\/v2\/users\/2"}],"replies":[{"embeddable":true,"href":"https:\/\/www.pfarregersthof.at\/komm\/wp-json\/wp\/v2\/comments?post=2925"}],"version-history":[{"count":3,"href":"https:\/\/www.pfarregersthof.at\/komm\/wp-json\/wp\/v2\/posts\/2925\/revisions"}],"predecessor-version":[{"id":2996,"href":"https:\/\/www.pfarregersthof.at\/komm\/wp-json\/wp\/v2\/posts\/2925\/revisions\/2996"}],"wp:featuredmedia":[{"embeddable":true,"href":"https:\/\/www.pfarregersthof.at\/komm\/wp-json\/wp\/v2\/media\/2994"}],"wp:attachment":[{"href":"https:\/\/www.pfarregersthof.at\/komm\/wp-json\/wp\/v2\/media?parent=2925"}],"wp:term":[{"taxonomy":"category","embeddable":true,"href":"https:\/\/www.pfarregersthof.at\/komm\/wp-json\/wp\/v2\/categories?post=2925"},{"taxonomy":"post_tag","embeddable":true,"href":"https:\/\/www.pfarregersthof.at\/komm\/wp-json\/wp\/v2\/tags?post=2925"}],"curies":[{"name":"wp","href":"https:\/\/api.w.org\/{rel}","templated":true}]}}