{"id":3004,"date":"2015-01-11T15:52:07","date_gmt":"2015-01-11T14:52:07","guid":{"rendered":"http:\/\/www.pfarregersthof.at\/komm\/?p=3004"},"modified":"2015-01-25T09:51:38","modified_gmt":"2015-01-25T08:51:38","slug":"suppensonntag-25-1","status":"publish","type":"post","link":"https:\/\/www.pfarregersthof.at\/komm\/2015\/01\/suppensonntag-25-1\/","title":{"rendered":"Suppensonntag (25.1.)"},"content":{"rendered":"<p>Das Suppensonntagsteam der Weltweiten Partnerschaften l\u00e4dt herzlich zum gem\u00fctlichen gemeinsamen Mittagessen <strong>nach der 10.00 Uhr &#8211; Messe am Sonntag, 25.1.,<\/strong> ein.<\/p>\n<p>Sie werden mit vielen verschiedenen Gerichten und den klassischen Topfenkn\u00f6deln verw\u00f6hnt und k\u00f6nnen durch Ihre Spende unsere Partnerschaften mit Nord- und S\u00fcdindien, Bosnien und Rum\u00e4nien unterst\u00fctzen. Fast alle Speisen k\u00f6nnen auch mitgenommen werden.<\/p>\n<p>Wenn jemand Speisen beisteuern m\u00f6chte bitte um Nachricht an: <a href=\"mailto:b.gamillscheg@gmx.at\">b.gamillscheg@gmx.at<\/a>.<\/p>\n<p>Auf Ihr Kommen, Ihre Hilfe, Ihren Appetit und Ihre Spenden freut sich f\u00fcr das Team:<br \/>\n<span style=\"color: #3366ff;\"><em>Benedikt Gamillscheg<\/em><\/span>, Weltweite Partnerschaften<\/p>\n","protected":false},"excerpt":{"rendered":"<p>Das Suppensonntagsteam der Weltweiten Partnerschaften l\u00e4dt herzlich zum gem\u00fctlichen gemeinsamen Mittagessen nach der 10.00 Uhr &#8211; Messe am Sonntag, 25.1., ein. Sie werden mit vielen verschiedenen Gerichten und den klassischen Topfenkn\u00f6deln verw\u00f6hnt und k\u00f6nnen durch Ihre Spende unsere Partnerschaften mit Nord- und S\u00fcdindien, Bosnien und Rum\u00e4nien unterst\u00fctzen. Fast alle Speisen k\u00f6nnen auch mitgenommen werden. Wenn [&hellip;]<\/p>\n","protected":false},"author":2,"featured_media":0,"comment_status":"open","ping_status":"open","sticky":false,"template":"","format":"standard","meta":{"ngg_post_thumbnail":0,"footnotes":""},"categories":[7],"tags":[],"class_list":{"0":"post-3004","1":"post","2":"type-post","3":"status-publish","4":"format-standard","6":"category-archiv"},"publishpress_future_action":{"enabled":false,"date":"2026-05-07 03:48:11","action":"category","newStatus":"draft","terms":[],"taxonomy":"category","extraData":[]},"publishpress_future_workflow_manual_trigger":{"enabledWorkflows":[]},"_links":{"self":[{"href":"https:\/\/www.pfarregersthof.at\/komm\/wp-json\/wp\/v2\/posts\/3004","targetHints":{"allow":["GET"]}}],"collection":[{"href":"https:\/\/www.pfarregersthof.at\/komm\/wp-json\/wp\/v2\/posts"}],"about":[{"href":"https:\/\/www.pfarregersthof.at\/komm\/wp-json\/wp\/v2\/types\/post"}],"author":[{"embeddable":true,"href":"https:\/\/www.pfarregersthof.at\/komm\/wp-json\/wp\/v2\/users\/2"}],"replies":[{"embeddable":true,"href":"https:\/\/www.pfarregersthof.at\/komm\/wp-json\/wp\/v2\/comments?post=3004"}],"version-history":[{"count":1,"href":"https:\/\/www.pfarregersthof.at\/komm\/wp-json\/wp\/v2\/posts\/3004\/revisions"}],"predecessor-version":[{"id":3005,"href":"https:\/\/www.pfarregersthof.at\/komm\/wp-json\/wp\/v2\/posts\/3004\/revisions\/3005"}],"wp:attachment":[{"href":"https:\/\/www.pfarregersthof.at\/komm\/wp-json\/wp\/v2\/media?parent=3004"}],"wp:term":[{"taxonomy":"category","embeddable":true,"href":"https:\/\/www.pfarregersthof.at\/komm\/wp-json\/wp\/v2\/categories?post=3004"},{"taxonomy":"post_tag","embeddable":true,"href":"https:\/\/www.pfarregersthof.at\/komm\/wp-json\/wp\/v2\/tags?post=3004"}],"curies":[{"name":"wp","href":"https:\/\/api.w.org\/{rel}","templated":true}]}}