{"id":3006,"date":"2015-01-11T15:55:01","date_gmt":"2015-01-11T14:55:01","guid":{"rendered":"http:\/\/www.pfarregersthof.at\/komm\/?p=3006"},"modified":"2015-01-25T09:51:25","modified_gmt":"2015-01-25T08:51:25","slug":"60plus-besucht-velasquez-22-1","status":"publish","type":"post","link":"https:\/\/www.pfarregersthof.at\/komm\/2015\/01\/60plus-besucht-velasquez-22-1\/","title":{"rendered":"60plus besucht Velasquez (22.1.)"},"content":{"rendered":"<p>Am <strong>22. J\u00e4nner<\/strong> besuchen wir die Velasquez Ausstellung im Kunsthistorischen Museum!<\/p>\n<p>Wir treffen einander <strong>um 13.45 Uhr im Eingangsbereich<\/strong>, um 14.00 Uhr Beginn der F\u00fchrung. Bitte um Anmeldung im <a href=\"mailto:sekretariat@pfarregersthof.at\">Pfarrsekretariat<\/a>, da wir ungef\u00e4hr die Teilnehmerzahl bekanntgeben m\u00fcssen.<\/p>\n<p>Auf diese erste gemeinsame Unternehmung im neuen Jahr freuen sich<br \/>\nmit lieben Gr\u00fc\u00dfen <span style=\"color: #3366ff;\"><em>Sissy P\u00e4chter mit Team<\/em><\/span><\/p>\n","protected":false},"excerpt":{"rendered":"<p>Am 22. J\u00e4nner besuchen wir die Velasquez Ausstellung im Kunsthistorischen Museum! Wir treffen einander um 13.45 Uhr im Eingangsbereich, um 14.00 Uhr Beginn der F\u00fchrung. Bitte um Anmeldung im Pfarrsekretariat, da wir ungef\u00e4hr die Teilnehmerzahl bekanntgeben m\u00fcssen. Auf diese erste gemeinsame Unternehmung im neuen Jahr freuen sich mit lieben Gr\u00fc\u00dfen Sissy P\u00e4chter mit Team<\/p>\n","protected":false},"author":2,"featured_media":0,"comment_status":"open","ping_status":"open","sticky":false,"template":"","format":"standard","meta":{"ngg_post_thumbnail":0,"footnotes":""},"categories":[7],"tags":[],"class_list":{"0":"post-3006","1":"post","2":"type-post","3":"status-publish","4":"format-standard","6":"category-archiv"},"publishpress_future_action":{"enabled":false,"date":"2026-05-07 05:07:44","action":"category","newStatus":"draft","terms":[],"taxonomy":"category","extraData":[]},"publishpress_future_workflow_manual_trigger":{"enabledWorkflows":[]},"_links":{"self":[{"href":"https:\/\/www.pfarregersthof.at\/komm\/wp-json\/wp\/v2\/posts\/3006","targetHints":{"allow":["GET"]}}],"collection":[{"href":"https:\/\/www.pfarregersthof.at\/komm\/wp-json\/wp\/v2\/posts"}],"about":[{"href":"https:\/\/www.pfarregersthof.at\/komm\/wp-json\/wp\/v2\/types\/post"}],"author":[{"embeddable":true,"href":"https:\/\/www.pfarregersthof.at\/komm\/wp-json\/wp\/v2\/users\/2"}],"replies":[{"embeddable":true,"href":"https:\/\/www.pfarregersthof.at\/komm\/wp-json\/wp\/v2\/comments?post=3006"}],"version-history":[{"count":1,"href":"https:\/\/www.pfarregersthof.at\/komm\/wp-json\/wp\/v2\/posts\/3006\/revisions"}],"predecessor-version":[{"id":3007,"href":"https:\/\/www.pfarregersthof.at\/komm\/wp-json\/wp\/v2\/posts\/3006\/revisions\/3007"}],"wp:attachment":[{"href":"https:\/\/www.pfarregersthof.at\/komm\/wp-json\/wp\/v2\/media?parent=3006"}],"wp:term":[{"taxonomy":"category","embeddable":true,"href":"https:\/\/www.pfarregersthof.at\/komm\/wp-json\/wp\/v2\/categories?post=3006"},{"taxonomy":"post_tag","embeddable":true,"href":"https:\/\/www.pfarregersthof.at\/komm\/wp-json\/wp\/v2\/tags?post=3006"}],"curies":[{"name":"wp","href":"https:\/\/api.w.org\/{rel}","templated":true}]}}