{"id":3008,"date":"2015-01-11T15:57:10","date_gmt":"2015-01-11T13:57:10","guid":{"rendered":"http:\/\/www.pfarregersthof.at\/komm\/?p=3008"},"modified":"2015-01-19T21:22:04","modified_gmt":"2015-01-19T19:22:04","slug":"jugendmesse-was-bringt-das-neue-jahr-17-1","status":"publish","type":"post","link":"https:\/\/www.pfarregersthof.at\/komm\/2015\/01\/jugendmesse-was-bringt-das-neue-jahr-17-1\/","title":{"rendered":"Jugendmesse &#8222;was bringt das neue Jahr&#8220; (17.1.)"},"content":{"rendered":"<p>Herzliche Einladung zur Jugendmesse am <strong>Samstag, 17.1., um 18.30 Uhr in der Pfarrkirche<\/strong>.<\/p>\n<p>Kurz nach dem Jahreswechsel wollen wir dar\u00fcber nachdenken, was das neue Jahr f\u00fcr mich pers\u00f6nlich bringen wird\/kann&#8230; Gehe ich mit einem \u00e4ngstlichen Gef\u00fchl oder mit freudiger Einstellung ins neue Jahr &#8211; in die Zukunft?&#8220;<\/p>\n<p><span style=\"color: #3366ff;\"><em>Norbert Kaiser<\/em><\/span><\/p>\n","protected":false},"excerpt":{"rendered":"<p>Herzliche Einladung zur Jugendmesse am Samstag, 17.1., um 18.30 Uhr in der Pfarrkirche. Kurz nach dem Jahreswechsel wollen wir dar\u00fcber nachdenken, was das neue Jahr f\u00fcr mich pers\u00f6nlich bringen wird\/kann&#8230; Gehe ich mit einem \u00e4ngstlichen Gef\u00fchl oder mit freudiger Einstellung ins neue Jahr &#8211; in die Zukunft?&#8220; Norbert Kaiser<\/p>\n","protected":false},"author":2,"featured_media":0,"comment_status":"open","ping_status":"open","sticky":false,"template":"","format":"standard","meta":{"ngg_post_thumbnail":0,"footnotes":""},"categories":[7],"tags":[],"class_list":{"0":"post-3008","1":"post","2":"type-post","3":"status-publish","4":"format-standard","6":"category-archiv"},"publishpress_future_action":{"enabled":false,"date":"2026-05-07 07:45:25","action":"category","newStatus":"draft","terms":[],"taxonomy":"category","extraData":[]},"publishpress_future_workflow_manual_trigger":{"enabledWorkflows":[]},"_links":{"self":[{"href":"https:\/\/www.pfarregersthof.at\/komm\/wp-json\/wp\/v2\/posts\/3008","targetHints":{"allow":["GET"]}}],"collection":[{"href":"https:\/\/www.pfarregersthof.at\/komm\/wp-json\/wp\/v2\/posts"}],"about":[{"href":"https:\/\/www.pfarregersthof.at\/komm\/wp-json\/wp\/v2\/types\/post"}],"author":[{"embeddable":true,"href":"https:\/\/www.pfarregersthof.at\/komm\/wp-json\/wp\/v2\/users\/2"}],"replies":[{"embeddable":true,"href":"https:\/\/www.pfarregersthof.at\/komm\/wp-json\/wp\/v2\/comments?post=3008"}],"version-history":[{"count":2,"href":"https:\/\/www.pfarregersthof.at\/komm\/wp-json\/wp\/v2\/posts\/3008\/revisions"}],"predecessor-version":[{"id":3010,"href":"https:\/\/www.pfarregersthof.at\/komm\/wp-json\/wp\/v2\/posts\/3008\/revisions\/3010"}],"wp:attachment":[{"href":"https:\/\/www.pfarregersthof.at\/komm\/wp-json\/wp\/v2\/media?parent=3008"}],"wp:term":[{"taxonomy":"category","embeddable":true,"href":"https:\/\/www.pfarregersthof.at\/komm\/wp-json\/wp\/v2\/categories?post=3008"},{"taxonomy":"post_tag","embeddable":true,"href":"https:\/\/www.pfarregersthof.at\/komm\/wp-json\/wp\/v2\/tags?post=3008"}],"curies":[{"name":"wp","href":"https:\/\/api.w.org\/{rel}","templated":true}]}}