{"id":3013,"date":"2015-01-11T16:02:25","date_gmt":"2015-01-11T14:02:25","guid":{"rendered":"http:\/\/www.pfarregersthof.at\/komm\/?p=3013"},"modified":"2015-01-11T16:02:25","modified_gmt":"2015-01-11T14:02:25","slug":"sternsinger-sagen-muchas-gracias","status":"publish","type":"post","link":"https:\/\/www.pfarregersthof.at\/komm\/2015\/01\/sternsinger-sagen-muchas-gracias\/","title":{"rendered":"Sternsinger sagen MUCHAS GRACIAS"},"content":{"rendered":"<p><a href=\"https:\/\/www.pfarregersthof.at\/komm\/wp-content\/uploads\/2014\/12\/mwsat-20150104-IMG_1249.jpg\"><img loading=\"lazy\" decoding=\"async\" class=\"alignleft size-medium wp-image-2993\" src=\"https:\/\/www.pfarregersthof.at\/komm\/wp-content\/uploads\/2014\/12\/mwsat-20150104-IMG_1249-300x230.jpg\" alt=\"Sternsinger\" width=\"300\" height=\"230\" srcset=\"https:\/\/www.pfarregersthof.at\/komm\/wp-content\/uploads\/2014\/12\/mwsat-20150104-IMG_1249-300x230.jpg 300w, https:\/\/www.pfarregersthof.at\/komm\/wp-content\/uploads\/2014\/12\/mwsat-20150104-IMG_1249-150x115.jpg 150w, https:\/\/www.pfarregersthof.at\/komm\/wp-content\/uploads\/2014\/12\/mwsat-20150104-IMG_1249-800x612.jpg 800w, https:\/\/www.pfarregersthof.at\/komm\/wp-content\/uploads\/2014\/12\/mwsat-20150104-IMG_1249-768x588.jpg 768w, https:\/\/www.pfarregersthof.at\/komm\/wp-content\/uploads\/2014\/12\/mwsat-20150104-IMG_1249.jpg 1000w\" sizes=\"auto, (max-width: 300px) 100vw, 300px\" \/><\/a>Das war die Sternsingeraktion 2015<\/p>\n<p>MUCHAS GRACIAS (VIELEN DANK)<br \/>\nden Menschen in unserem Pfarrgebiet und den GottesdienstbesucherInnen f\u00fcr ihre Solidarit\u00e4t mit Not leidenden Menschen, besonders im Hochland von Bolivien! Das Sammelergebnis unserer Pfarre von 21.077,36 \u20ac ist an die Katholische Jungschar \u00fcberwiesen worden.<\/p>\n<p>Der gro\u00dfartige Einsatz von vielen Kindern und Jugendlichen, die zum Teil unter schwierigen Wetterbedingungen unterwegs waren, sowie deren hochmotivierten BegleiterInnen kann kaum genug gew\u00fcrdigt werden und erm\u00f6glichte diese gro\u00dfherzige weltweite Hilfe. Freuen wir uns miteinander \u00fcber das Gelingen der heurigen Dreik\u00f6nigsaktion!<\/p>\n<p><span style=\"color: #3366ff;\"><em>Fritz (Zeilinger) und Hemma (Gamillscheg)<\/em><\/span><\/p>\n<p>Herzlichen Dank f\u00fcr den Einsatz von Fritz und Hemma und allen weiteren an der Sternsingeraktion beteiligten sagen auch Pfarrer Norbert und der Pfarrgemeinderat<\/p>\n","protected":false},"excerpt":{"rendered":"<p>Das war die Sternsingeraktion 2015 MUCHAS GRACIAS (VIELEN DANK) den Menschen in unserem Pfarrgebiet und den GottesdienstbesucherInnen f\u00fcr ihre Solidarit\u00e4t mit Not leidenden Menschen, besonders im Hochland von Bolivien! Das Sammelergebnis unserer Pfarre von 21.077,36 \u20ac ist an die Katholische Jungschar \u00fcberwiesen worden. Der gro\u00dfartige Einsatz von vielen Kindern und Jugendlichen, die zum Teil unter [&hellip;]<\/p>\n","protected":false},"author":2,"featured_media":2994,"comment_status":"open","ping_status":"open","sticky":false,"template":"","format":"standard","meta":{"ngg_post_thumbnail":0,"footnotes":""},"categories":[5,14],"tags":[],"class_list":{"0":"post-3013","1":"post","2":"type-post","3":"status-publish","4":"format-standard","5":"has-post-thumbnail","7":"category-was-gewesen-ist","8":"category-zuletzt"},"publishpress_future_action":{"enabled":false,"date":"2026-05-09 15:23:04","action":"category","newStatus":"draft","terms":[],"taxonomy":"category","extraData":[]},"publishpress_future_workflow_manual_trigger":{"enabledWorkflows":[]},"_links":{"self":[{"href":"https:\/\/www.pfarregersthof.at\/komm\/wp-json\/wp\/v2\/posts\/3013","targetHints":{"allow":["GET"]}}],"collection":[{"href":"https:\/\/www.pfarregersthof.at\/komm\/wp-json\/wp\/v2\/posts"}],"about":[{"href":"https:\/\/www.pfarregersthof.at\/komm\/wp-json\/wp\/v2\/types\/post"}],"author":[{"embeddable":true,"href":"https:\/\/www.pfarregersthof.at\/komm\/wp-json\/wp\/v2\/users\/2"}],"replies":[{"embeddable":true,"href":"https:\/\/www.pfarregersthof.at\/komm\/wp-json\/wp\/v2\/comments?post=3013"}],"version-history":[{"count":1,"href":"https:\/\/www.pfarregersthof.at\/komm\/wp-json\/wp\/v2\/posts\/3013\/revisions"}],"predecessor-version":[{"id":3014,"href":"https:\/\/www.pfarregersthof.at\/komm\/wp-json\/wp\/v2\/posts\/3013\/revisions\/3014"}],"wp:featuredmedia":[{"embeddable":true,"href":"https:\/\/www.pfarregersthof.at\/komm\/wp-json\/wp\/v2\/media\/2994"}],"wp:attachment":[{"href":"https:\/\/www.pfarregersthof.at\/komm\/wp-json\/wp\/v2\/media?parent=3013"}],"wp:term":[{"taxonomy":"category","embeddable":true,"href":"https:\/\/www.pfarregersthof.at\/komm\/wp-json\/wp\/v2\/categories?post=3013"},{"taxonomy":"post_tag","embeddable":true,"href":"https:\/\/www.pfarregersthof.at\/komm\/wp-json\/wp\/v2\/tags?post=3013"}],"curies":[{"name":"wp","href":"https:\/\/api.w.org\/{rel}","templated":true}]}}