{"id":3018,"date":"2015-01-14T21:53:05","date_gmt":"2015-01-14T19:53:05","guid":{"rendered":"http:\/\/www.pfarregersthof.at\/komm\/?p=3018"},"modified":"2015-05-31T21:34:20","modified_gmt":"2015-05-31T19:34:20","slug":"mitarbeiter-dank-mit-br-david","status":"publish","type":"post","link":"https:\/\/www.pfarregersthof.at\/komm\/2015\/01\/mitarbeiter-dank-mit-br-david\/","title":{"rendered":"Mitarbeiter-Dank mit Br. David"},"content":{"rendered":"<p><a href=\"https:\/\/www.pfarregersthof.at\/komm\/wp-content\/uploads\/2015\/01\/mwsat-20150109-IMG_1340.jpg\"><img loading=\"lazy\" decoding=\"async\" class=\"alignnone wp-image-3023\" src=\"https:\/\/www.pfarregersthof.at\/komm\/wp-content\/uploads\/2015\/01\/mwsat-20150109-IMG_1340-800x350.jpg\" alt=\"Mitarbeitertreffen 2015 der r.k. Pfarre Gersthof-St.Leopold, Wien\" width=\"530\" height=\"232\" srcset=\"https:\/\/www.pfarregersthof.at\/komm\/wp-content\/uploads\/2015\/01\/mwsat-20150109-IMG_1340-800x350.jpg 800w, https:\/\/www.pfarregersthof.at\/komm\/wp-content\/uploads\/2015\/01\/mwsat-20150109-IMG_1340-150x66.jpg 150w, https:\/\/www.pfarregersthof.at\/komm\/wp-content\/uploads\/2015\/01\/mwsat-20150109-IMG_1340-300x131.jpg 300w, https:\/\/www.pfarregersthof.at\/komm\/wp-content\/uploads\/2015\/01\/mwsat-20150109-IMG_1340.jpg 1000w\" sizes=\"auto, (max-width: 530px) 100vw, 530px\" \/><\/a><\/p>\n<p>Unsere Pfarrgemeinde w\u00e4re ohne aktive Mithilfe von vielen H\u00e4nden, F\u00fc\u00dfen und K\u00f6pfen nicht lebendig. Einmal im Jahr gibt es ein Treffen, bei dem den vielen in ihrer Freizeit Mitwirkenden gedankt wird, heuer am 9. J\u00e4nner.<br \/>\n<a href=\"https:\/\/www.pfarregersthof.at\/komm\/wp-content\/uploads\/2015\/01\/mwsat-20150109-IMG_1329.jpg\"><img loading=\"lazy\" decoding=\"async\" class=\"alignleft size-medium wp-image-3025\" src=\"https:\/\/www.pfarregersthof.at\/komm\/wp-content\/uploads\/2015\/01\/mwsat-20150109-IMG_1329-300x200.jpg\" alt=\"mwsat-20150109-IMG_1329\" width=\"300\" height=\"200\" srcset=\"https:\/\/www.pfarregersthof.at\/komm\/wp-content\/uploads\/2015\/01\/mwsat-20150109-IMG_1329-300x200.jpg 300w, https:\/\/www.pfarregersthof.at\/komm\/wp-content\/uploads\/2015\/01\/mwsat-20150109-IMG_1329-150x100.jpg 150w, https:\/\/www.pfarregersthof.at\/komm\/wp-content\/uploads\/2015\/01\/mwsat-20150109-IMG_1329-800x534.jpg 800w, https:\/\/www.pfarregersthof.at\/komm\/wp-content\/uploads\/2015\/01\/mwsat-20150109-IMG_1329.jpg 1000w\" sizes=\"auto, (max-width: 300px) 100vw, 300px\" \/><\/a><\/p>\n<p>Wie der Zufall es wollte, war an diesem Abend auch der von vielen gesch\u00e4tzte Benediktinerm\u00f6nch Br. David Steindl-Rast bei einem Freund in Gersthof &#8211; und mit ihm beim Mitarbeiter-Dank Treffen.<\/p>\n<p><a href=\"https:\/\/www.pfarregersthof.at\/komm\/wp-content\/uploads\/2015\/01\/mwsat-20150109-IMG_1325.jpg\"><img loading=\"lazy\" decoding=\"async\" class=\"alignright size-medium wp-image-3026\" src=\"https:\/\/www.pfarregersthof.at\/komm\/wp-content\/uploads\/2015\/01\/mwsat-20150109-IMG_1325-293x300.jpg\" alt=\"mwsat-20150109-IMG_1325\" width=\"293\" height=\"300\" srcset=\"https:\/\/www.pfarregersthof.at\/komm\/wp-content\/uploads\/2015\/01\/mwsat-20150109-IMG_1325-293x300.jpg 293w, https:\/\/www.pfarregersthof.at\/komm\/wp-content\/uploads\/2015\/01\/mwsat-20150109-IMG_1325-146x150.jpg 146w, https:\/\/www.pfarregersthof.at\/komm\/wp-content\/uploads\/2015\/01\/mwsat-20150109-IMG_1325-781x800.jpg 781w, https:\/\/www.pfarregersthof.at\/komm\/wp-content\/uploads\/2015\/01\/mwsat-20150109-IMG_1325-50x50.jpg 50w, https:\/\/www.pfarregersthof.at\/komm\/wp-content\/uploads\/2015\/01\/mwsat-20150109-IMG_1325.jpg 1000w\" sizes=\"auto, (max-width: 293px) 100vw, 293px\" \/><\/a>Auf die Einladung von Pfarrer Norbert und Gerda dachte Br. David an diesem Abend auch laut \u00fcber das Thema Dank nach. Dabei unterstrich er, dass der Dank Menschen die Augen \u00f6ffnen sollte, wof\u00fcr sie dankbar sein k\u00f6nnen &#8211; und sollen. Zu viele Menschen n\u00e4men auch das Dankenswerte in der Welt gar nicht wahr. Als kleinen Tipp gab er den mehr als 50 Mitarbeiterinnen und Mitarbeitern mit, dass man, wenn man eine T\u00e4tigkeit beginne, kurz Innenhalten und sich der Situation bewusst werden sollte. Er lud als n\u00e4chsten Schritt ein, in die jeweilige Situation auch einzutauchen und sie zu \u00fcberlegen. Schlie\u00dflich k\u00f6nne aus einer solchen \u00dcberlegung auch wieder Aktivit\u00e4ten in Angriff genommen werden, meinte Br. David Steindl-Rast der auch hinter dem Webportal <a href=\"http:\/\/www.gratefulness.org\/dankbarkeit.htm\" target=\"_blank\">greatfulness.org<\/a> (Dankbarkeit) steht.<\/p>\n<p>&nbsp;<\/p>\n<p><a href=\"https:\/\/www.pfarregersthof.at\/komm\/wp-content\/uploads\/2015\/01\/mwsat-20150109-IMG_1373.jpg\"><img loading=\"lazy\" decoding=\"async\" class=\"alignright size-medium wp-image-3019\" src=\"https:\/\/www.pfarregersthof.at\/komm\/wp-content\/uploads\/2015\/01\/mwsat-20150109-IMG_1373-300x200.jpg\" alt=\"Mitarbeitertreffen 2015 der r.k. Pfarre Gersthof-St.Leopold, Wien\" width=\"300\" height=\"200\" srcset=\"https:\/\/www.pfarregersthof.at\/komm\/wp-content\/uploads\/2015\/01\/mwsat-20150109-IMG_1373-300x200.jpg 300w, https:\/\/www.pfarregersthof.at\/komm\/wp-content\/uploads\/2015\/01\/mwsat-20150109-IMG_1373-150x100.jpg 150w, https:\/\/www.pfarregersthof.at\/komm\/wp-content\/uploads\/2015\/01\/mwsat-20150109-IMG_1373-800x534.jpg 800w, https:\/\/www.pfarregersthof.at\/komm\/wp-content\/uploads\/2015\/01\/mwsat-20150109-IMG_1373.jpg 1000w\" sizes=\"auto, (max-width: 300px) 100vw, 300px\" \/><\/a>Das anschlie\u00dfenden Treffen im Gemeindezentrum wurde von den Mitarbeitern genutzt, um nicht nur miteinander zu arbeiten, sondern auch zu plauschen &#8211; und zu essen und zu trinken. Pfarre Norbert dankte allen f\u00fcr die in die Gemeinde eingebrachte Zeit und Energie.<\/p>\n<p><a href=\"https:\/\/www.pfarregersthof.at\/komm\/wp-content\/uploads\/2015\/01\/mwsat-20150109-IMG_1349.jpg\"><img loading=\"lazy\" decoding=\"async\" class=\"alignnone wp-image-3022\" src=\"https:\/\/www.pfarregersthof.at\/komm\/wp-content\/uploads\/2015\/01\/mwsat-20150109-IMG_1349-300x293.jpg\" alt=\"Mitarbeitertreffen 2015 der r.k. Pfarre Gersthof-St.Leopold, Wien\" width=\"500\" height=\"489\" srcset=\"https:\/\/www.pfarregersthof.at\/komm\/wp-content\/uploads\/2015\/01\/mwsat-20150109-IMG_1349-300x293.jpg 300w, https:\/\/www.pfarregersthof.at\/komm\/wp-content\/uploads\/2015\/01\/mwsat-20150109-IMG_1349-150x147.jpg 150w, https:\/\/www.pfarregersthof.at\/komm\/wp-content\/uploads\/2015\/01\/mwsat-20150109-IMG_1349-800x782.jpg 800w, https:\/\/www.pfarregersthof.at\/komm\/wp-content\/uploads\/2015\/01\/mwsat-20150109-IMG_1349-50x50.jpg 50w, https:\/\/www.pfarregersthof.at\/komm\/wp-content\/uploads\/2015\/01\/mwsat-20150109-IMG_1349.jpg 1000w\" sizes=\"auto, (max-width: 500px) 100vw, 500px\" \/><\/a><\/p>\n<p><a href=\"https:\/\/www.pfarregersthof.at\/komm\/wp-content\/uploads\/2015\/01\/mwsat-20150109-IMG_1354.jpg\"><img loading=\"lazy\" decoding=\"async\" class=\"alignnone wp-image-3021\" src=\"https:\/\/www.pfarregersthof.at\/komm\/wp-content\/uploads\/2015\/01\/mwsat-20150109-IMG_1354-300x200.jpg\" alt=\"Mitarbeitertreffen 2015 der r.k. Pfarre Gersthof-St.Leopold, Wien\" width=\"500\" height=\"334\" srcset=\"https:\/\/www.pfarregersthof.at\/komm\/wp-content\/uploads\/2015\/01\/mwsat-20150109-IMG_1354-300x200.jpg 300w, https:\/\/www.pfarregersthof.at\/komm\/wp-content\/uploads\/2015\/01\/mwsat-20150109-IMG_1354-150x100.jpg 150w, https:\/\/www.pfarregersthof.at\/komm\/wp-content\/uploads\/2015\/01\/mwsat-20150109-IMG_1354-800x534.jpg 800w, https:\/\/www.pfarregersthof.at\/komm\/wp-content\/uploads\/2015\/01\/mwsat-20150109-IMG_1354.jpg 1000w\" sizes=\"auto, (max-width: 500px) 100vw, 500px\" \/><\/a><\/p>\n<h6>Fotos: Michael W. Steidl<\/h6>\n","protected":false},"excerpt":{"rendered":"<p>Unsere Pfarrgemeinde w\u00e4re ohne aktive Mithilfe von vielen H\u00e4nden, F\u00fc\u00dfen und K\u00f6pfen nicht lebendig. Einmal im Jahr gibt es ein Treffen, bei dem den vielen in ihrer Freizeit Mitwirkenden gedankt wird, heuer am 9. J\u00e4nner. Wie der Zufall es wollte, war an diesem Abend auch der von vielen gesch\u00e4tzte Benediktinerm\u00f6nch Br. David Steindl-Rast bei einem [&hellip;]<\/p>\n","protected":false},"author":2,"featured_media":3024,"comment_status":"open","ping_status":"open","sticky":false,"template":"","format":"standard","meta":{"ngg_post_thumbnail":0,"footnotes":""},"categories":[7],"tags":[],"class_list":{"0":"post-3018","1":"post","2":"type-post","3":"status-publish","4":"format-standard","5":"has-post-thumbnail","7":"category-archiv"},"publishpress_future_action":{"enabled":false,"date":"2026-05-09 15:23:52","action":"category","newStatus":"draft","terms":[],"taxonomy":"category","extraData":[]},"publishpress_future_workflow_manual_trigger":{"enabledWorkflows":[]},"_links":{"self":[{"href":"https:\/\/www.pfarregersthof.at\/komm\/wp-json\/wp\/v2\/posts\/3018","targetHints":{"allow":["GET"]}}],"collection":[{"href":"https:\/\/www.pfarregersthof.at\/komm\/wp-json\/wp\/v2\/posts"}],"about":[{"href":"https:\/\/www.pfarregersthof.at\/komm\/wp-json\/wp\/v2\/types\/post"}],"author":[{"embeddable":true,"href":"https:\/\/www.pfarregersthof.at\/komm\/wp-json\/wp\/v2\/users\/2"}],"replies":[{"embeddable":true,"href":"https:\/\/www.pfarregersthof.at\/komm\/wp-json\/wp\/v2\/comments?post=3018"}],"version-history":[{"count":8,"href":"https:\/\/www.pfarregersthof.at\/komm\/wp-json\/wp\/v2\/posts\/3018\/revisions"}],"predecessor-version":[{"id":3034,"href":"https:\/\/www.pfarregersthof.at\/komm\/wp-json\/wp\/v2\/posts\/3018\/revisions\/3034"}],"wp:featuredmedia":[{"embeddable":true,"href":"https:\/\/www.pfarregersthof.at\/komm\/wp-json\/wp\/v2\/media\/3024"}],"wp:attachment":[{"href":"https:\/\/www.pfarregersthof.at\/komm\/wp-json\/wp\/v2\/media?parent=3018"}],"wp:term":[{"taxonomy":"category","embeddable":true,"href":"https:\/\/www.pfarregersthof.at\/komm\/wp-json\/wp\/v2\/categories?post=3018"},{"taxonomy":"post_tag","embeddable":true,"href":"https:\/\/www.pfarregersthof.at\/komm\/wp-json\/wp\/v2\/tags?post=3018"}],"curies":[{"name":"wp","href":"https:\/\/api.w.org\/{rel}","templated":true}]}}