{"id":3076,"date":"2015-02-11T20:53:11","date_gmt":"2015-02-11T19:53:11","guid":{"rendered":"http:\/\/www.pfarregersthof.at\/komm\/?p=3076"},"modified":"2015-02-21T19:09:55","modified_gmt":"2015-02-21T18:09:55","slug":"abschied-von-erwin-sander","status":"publish","type":"post","link":"https:\/\/www.pfarregersthof.at\/komm\/2015\/02\/abschied-von-erwin-sander\/","title":{"rendered":"Abschied von Erwin Sander"},"content":{"rendered":"<p><a href=\"https:\/\/www.pfarregersthof.at\/komm\/wp-content\/uploads\/2015\/02\/ErwinSander-2.jpg\"><img loading=\"lazy\" decoding=\"async\" class=\"alignright wp-image-3077 size-thumbnail\" src=\"https:\/\/www.pfarregersthof.at\/komm\/wp-content\/uploads\/2015\/02\/ErwinSander-2-129x150.jpg\" alt=\"Erwin in Opatja\" width=\"129\" height=\"150\" srcset=\"https:\/\/www.pfarregersthof.at\/komm\/wp-content\/uploads\/2015\/02\/ErwinSander-2-129x150.jpg 129w, https:\/\/www.pfarregersthof.at\/komm\/wp-content\/uploads\/2015\/02\/ErwinSander-2-258x300.jpg 258w, https:\/\/www.pfarregersthof.at\/komm\/wp-content\/uploads\/2015\/02\/ErwinSander-2.jpg 292w\" sizes=\"auto, (max-width: 129px) 100vw, 129px\" \/><\/a>Erwin Sander, vielen vor allem als Organist in unserer Pfarrkirche bekannt, ist Ende J\u00e4nner im 71. Lebensjahr verstorben. Am Freitag, 13. Februar, wird er in der Pfarrkirche in einem feierlichem Requiem und Auferstehungsgottesdienst in unserer Pfarrgemeinde verabschiedet und anschlie\u00dfend auf dem Gersthofer Friedhof begraben.<\/p>\n<p>Er war seit Kindestagen in Gersthof beheimatet, hat in der Jugendarbeit mitgewirkt und sp\u00e4ter regelm\u00e4\u00dfig das Orgelspiel bei Gottesdiensten \u00fcbernommen. Rund um das Jahr 2000 war er auch f\u00fcr bauliche Agenden in der Pfarre zust\u00e4ndig. \u00dcber die Pfarre hinaus hat er f\u00fcr viele Jahre bei der \u00dcbertragung von Gottesdiensten im Fernsehen aus \u00d6sterreich die Schulung von Mitarbeitern f\u00fcr den begleitenden Gespr\u00e4chsdienst am Telefon \u00fcbernommen.<\/p>\n<p>Die Pfarrgemeinde ist gebeten, von Blumen und Kr\u00e4nzen Abstand zu nehmen und eine Spende f\u00fcr das Hospiz St. Raphael in der Klinik zum G\u00f6ttlichen Heiland zu \u00fcberweisen, das Erwin Sander in seinen letzten Lebenstagen betreut und begleitet hatte. (Palliativstation St. Raphael &#8211; Erste Bank IBAN: AT48 2011 1000 0471 6604).<\/p>\n<p>&nbsp;<\/p>\n<p><strong>Herzlichen Dank sage ich<\/strong> allen f\u00fcr die Mitfeier des Auferstehungsgottesdienstes, die vielen guten Worte und die Anteilnahme zum Tod meines Mannes Erwin. Es war harmonisch, w\u00fcrdevoll und ist mir und meiner Familie Trost und Freude in dieser schweren Zeit. DANKE!<br \/>\n<em><span style=\"color: #3366ff;\">Sissy Sander<\/span><\/em><\/p>\n","protected":false},"excerpt":{"rendered":"<p>Erwin Sander, vielen vor allem als Organist in unserer Pfarrkirche bekannt, ist Ende J\u00e4nner im 71. Lebensjahr verstorben. Am Freitag, 13. Februar, wird er in der Pfarrkirche in einem feierlichem Requiem und Auferstehungsgottesdienst in unserer Pfarrgemeinde verabschiedet und anschlie\u00dfend auf dem Gersthofer Friedhof begraben. Er war seit Kindestagen in Gersthof beheimatet, hat in der Jugendarbeit [&hellip;]<\/p>\n","protected":false},"author":2,"featured_media":3077,"comment_status":"open","ping_status":"open","sticky":false,"template":"","format":"standard","meta":{"ngg_post_thumbnail":0,"footnotes":""},"categories":[5,14],"tags":[],"class_list":{"0":"post-3076","1":"post","2":"type-post","3":"status-publish","4":"format-standard","5":"has-post-thumbnail","7":"category-was-gewesen-ist","8":"category-zuletzt"},"publishpress_future_action":{"enabled":false,"date":"2026-05-09 08:35:45","action":"category","newStatus":"draft","terms":[],"taxonomy":"category","extraData":[]},"publishpress_future_workflow_manual_trigger":{"enabledWorkflows":[]},"_links":{"self":[{"href":"https:\/\/www.pfarregersthof.at\/komm\/wp-json\/wp\/v2\/posts\/3076","targetHints":{"allow":["GET"]}}],"collection":[{"href":"https:\/\/www.pfarregersthof.at\/komm\/wp-json\/wp\/v2\/posts"}],"about":[{"href":"https:\/\/www.pfarregersthof.at\/komm\/wp-json\/wp\/v2\/types\/post"}],"author":[{"embeddable":true,"href":"https:\/\/www.pfarregersthof.at\/komm\/wp-json\/wp\/v2\/users\/2"}],"replies":[{"embeddable":true,"href":"https:\/\/www.pfarregersthof.at\/komm\/wp-json\/wp\/v2\/comments?post=3076"}],"version-history":[{"count":7,"href":"https:\/\/www.pfarregersthof.at\/komm\/wp-json\/wp\/v2\/posts\/3076\/revisions"}],"predecessor-version":[{"id":3104,"href":"https:\/\/www.pfarregersthof.at\/komm\/wp-json\/wp\/v2\/posts\/3076\/revisions\/3104"}],"wp:featuredmedia":[{"embeddable":true,"href":"https:\/\/www.pfarregersthof.at\/komm\/wp-json\/wp\/v2\/media\/3077"}],"wp:attachment":[{"href":"https:\/\/www.pfarregersthof.at\/komm\/wp-json\/wp\/v2\/media?parent=3076"}],"wp:term":[{"taxonomy":"category","embeddable":true,"href":"https:\/\/www.pfarregersthof.at\/komm\/wp-json\/wp\/v2\/categories?post=3076"},{"taxonomy":"post_tag","embeddable":true,"href":"https:\/\/www.pfarregersthof.at\/komm\/wp-json\/wp\/v2\/tags?post=3076"}],"curies":[{"name":"wp","href":"https:\/\/api.w.org\/{rel}","templated":true}]}}