{"id":3124,"date":"2015-03-01T18:48:43","date_gmt":"2015-03-01T17:48:43","guid":{"rendered":"http:\/\/www.pfarregersthof.at\/komm\/?p=3124"},"modified":"2015-03-01T18:54:03","modified_gmt":"2015-03-01T17:54:03","slug":"wollen-sie-taufkleider-bedrucken","status":"publish","type":"post","link":"https:\/\/www.pfarregersthof.at\/komm\/2015\/03\/wollen-sie-taufkleider-bedrucken\/","title":{"rendered":"Wollen Sie Taufkleider bedrucken?"},"content":{"rendered":"<p>Fast zwei Jahrzehnte hat Ilse M\u00fchlbacher unsere Taufhemdchen wundersch\u00f6n bedruckt! Davor wurden sie von Frauen bestickt. Nun ist es f\u00fcr Ilse an der Zeit, von dieser T\u00e4tigkeit Abschied zu nehmen! Mit diesen Taufgeschenken haben wir seit vielen Jahrzehnten Familien Freude gemacht und Kinder sind auf ihre so sch\u00f6nen Taufkleider bis heute stolz. Diese wundersch\u00f6nen Pr\u00e4sente sollten wir aber nicht aufgeben.<\/p>\n<p>Wer aus unserer Mitte ist bereit, diese sch\u00f6ne Aufgabe des Bedruckens der Taufkleider &#8211; auch \u201eSt\u00e4nzeln\u201c genannt &#8211; weiterzuf\u00fchren. Ich hoffe sehr, dass sich jemand, der Freude an diesem Tun hat, finden wird.<\/p>\n<p><span style=\"color: #3366ff;\"><em>Gerda Winner<\/em><\/span><\/p>\n","protected":false},"excerpt":{"rendered":"<p>Fast zwei Jahrzehnte hat Ilse M\u00fchlbacher unsere Taufhemdchen wundersch\u00f6n bedruckt! Davor wurden sie von Frauen bestickt. Nun ist es f\u00fcr Ilse an der Zeit, von dieser T\u00e4tigkeit Abschied zu nehmen! Mit diesen Taufgeschenken haben wir seit vielen Jahrzehnten Familien Freude gemacht und Kinder sind auf ihre so sch\u00f6nen Taufkleider bis heute stolz. Diese wundersch\u00f6nen Pr\u00e4sente [&hellip;]<\/p>\n","protected":false},"author":2,"featured_media":0,"comment_status":"open","ping_status":"open","sticky":false,"template":"","format":"standard","meta":{"ngg_post_thumbnail":0,"footnotes":""},"categories":[20],"tags":[],"class_list":{"0":"post-3124","1":"post","2":"type-post","3":"status-publish","4":"format-standard","6":"category-uebrigens"},"publishpress_future_action":{"enabled":false,"date":"2026-05-09 13:52:14","action":"category","newStatus":"draft","terms":[],"taxonomy":"category","extraData":[]},"publishpress_future_workflow_manual_trigger":{"enabledWorkflows":[]},"_links":{"self":[{"href":"https:\/\/www.pfarregersthof.at\/komm\/wp-json\/wp\/v2\/posts\/3124","targetHints":{"allow":["GET"]}}],"collection":[{"href":"https:\/\/www.pfarregersthof.at\/komm\/wp-json\/wp\/v2\/posts"}],"about":[{"href":"https:\/\/www.pfarregersthof.at\/komm\/wp-json\/wp\/v2\/types\/post"}],"author":[{"embeddable":true,"href":"https:\/\/www.pfarregersthof.at\/komm\/wp-json\/wp\/v2\/users\/2"}],"replies":[{"embeddable":true,"href":"https:\/\/www.pfarregersthof.at\/komm\/wp-json\/wp\/v2\/comments?post=3124"}],"version-history":[{"count":1,"href":"https:\/\/www.pfarregersthof.at\/komm\/wp-json\/wp\/v2\/posts\/3124\/revisions"}],"predecessor-version":[{"id":3125,"href":"https:\/\/www.pfarregersthof.at\/komm\/wp-json\/wp\/v2\/posts\/3124\/revisions\/3125"}],"wp:attachment":[{"href":"https:\/\/www.pfarregersthof.at\/komm\/wp-json\/wp\/v2\/media?parent=3124"}],"wp:term":[{"taxonomy":"category","embeddable":true,"href":"https:\/\/www.pfarregersthof.at\/komm\/wp-json\/wp\/v2\/categories?post=3124"},{"taxonomy":"post_tag","embeddable":true,"href":"https:\/\/www.pfarregersthof.at\/komm\/wp-json\/wp\/v2\/tags?post=3124"}],"curies":[{"name":"wp","href":"https:\/\/api.w.org\/{rel}","templated":true}]}}