{"id":3148,"date":"2015-03-01T19:05:56","date_gmt":"2015-03-01T18:05:56","guid":{"rendered":"http:\/\/www.pfarregersthof.at\/komm\/?p=3148"},"modified":"2015-03-01T19:07:36","modified_gmt":"2015-03-01T18:07:36","slug":"segen-fuer-grosseltern-und-enkel","status":"publish","type":"post","link":"https:\/\/www.pfarregersthof.at\/komm\/2015\/03\/segen-fuer-grosseltern-und-enkel\/","title":{"rendered":"Segen f\u00fcr Gro\u00dfeltern und Enkel"},"content":{"rendered":"<p>Gro\u00dfeltern und ihre Enkelkinder haben oft eine sehr enge Beziehung und diese wurde in der 10-Uhr-Messe am 1. M\u00e4rz mit einem Segen f\u00fcr beide aufgegriffen.<\/p>\n<p>Bereits im Rahmen der Predigt gaben auf Einladung von Pfarrer Norbert die Gro\u00dfeltern und 3 Enkeln der Familie Schm\u00f6lzer einen kleinen Einblick, wie eine gute Beziehung \u00fcber die Eltern hinaus gelingen kann.<\/p>\n<p>Anschlie\u00dfend waren die vielen Enkel-Gro\u00dfeltern-Kleingruppen einladen, sich von Pfarrer Norbert und Kaplan Suresh segnen zu lassen. Beide Priester sprachen ihnen zu, dass eine solche gegl\u00fcckte Beziehung von Gott als Verwirklichung seines Liebesgebotes im Alltag unterst\u00fctzt werde.<\/p>\n<p>Hier noch einige Fotos von dieser Feier:<\/p>\nngg_shortcode_0_placeholder\n<h6>Fotos: Michael W. Steidl<\/h6>\n<p>&nbsp;<\/p>\n","protected":false},"excerpt":{"rendered":"<p>Gro\u00dfeltern und ihre Enkelkinder haben oft eine sehr enge Beziehung und diese wurde in der 10-Uhr-Messe am 1. M\u00e4rz mit einem Segen f\u00fcr beide aufgegriffen. Bereits im Rahmen der Predigt gaben auf Einladung von Pfarrer Norbert die Gro\u00dfeltern und 3 Enkeln der Familie Schm\u00f6lzer einen kleinen Einblick, wie eine gute Beziehung \u00fcber die Eltern hinaus [&hellip;]<\/p>\n","protected":false},"author":2,"featured_media":0,"comment_status":"open","ping_status":"open","sticky":false,"template":"","format":"standard","meta":{"ngg_post_thumbnail":0,"footnotes":""},"categories":[5],"tags":[],"class_list":{"0":"post-3148","1":"post","2":"type-post","3":"status-publish","4":"format-standard","6":"category-was-gewesen-ist"},"publishpress_future_action":{"enabled":false,"date":"2026-05-09 15:23:07","action":"category","newStatus":"draft","terms":[],"taxonomy":"category","extraData":[]},"publishpress_future_workflow_manual_trigger":{"enabledWorkflows":[]},"_links":{"self":[{"href":"https:\/\/www.pfarregersthof.at\/komm\/wp-json\/wp\/v2\/posts\/3148","targetHints":{"allow":["GET"]}}],"collection":[{"href":"https:\/\/www.pfarregersthof.at\/komm\/wp-json\/wp\/v2\/posts"}],"about":[{"href":"https:\/\/www.pfarregersthof.at\/komm\/wp-json\/wp\/v2\/types\/post"}],"author":[{"embeddable":true,"href":"https:\/\/www.pfarregersthof.at\/komm\/wp-json\/wp\/v2\/users\/2"}],"replies":[{"embeddable":true,"href":"https:\/\/www.pfarregersthof.at\/komm\/wp-json\/wp\/v2\/comments?post=3148"}],"version-history":[{"count":3,"href":"https:\/\/www.pfarregersthof.at\/komm\/wp-json\/wp\/v2\/posts\/3148\/revisions"}],"predecessor-version":[{"id":3151,"href":"https:\/\/www.pfarregersthof.at\/komm\/wp-json\/wp\/v2\/posts\/3148\/revisions\/3151"}],"wp:attachment":[{"href":"https:\/\/www.pfarregersthof.at\/komm\/wp-json\/wp\/v2\/media?parent=3148"}],"wp:term":[{"taxonomy":"category","embeddable":true,"href":"https:\/\/www.pfarregersthof.at\/komm\/wp-json\/wp\/v2\/categories?post=3148"},{"taxonomy":"post_tag","embeddable":true,"href":"https:\/\/www.pfarregersthof.at\/komm\/wp-json\/wp\/v2\/tags?post=3148"}],"curies":[{"name":"wp","href":"https:\/\/api.w.org\/{rel}","templated":true}]}}