{"id":3295,"date":"2015-04-17T09:09:36","date_gmt":"2015-04-17T07:09:36","guid":{"rendered":"http:\/\/www.pfarregersthof.at\/komm\/?p=3295"},"modified":"2015-04-17T09:10:49","modified_gmt":"2015-04-17T07:10:49","slug":"orientierung-statt-gesetze","status":"publish","type":"post","link":"https:\/\/www.pfarregersthof.at\/komm\/2015\/04\/orientierung-statt-gesetze\/","title":{"rendered":"&#8222;Orientierung statt Gesetze&#8220;"},"content":{"rendered":"<p>Das Netzwerk &#8222;<a href=\"http:\/\/www.zeitgemaess-glauben.at\" target=\"_blank\">zeitgem\u00e4\u00df glauben<\/a>&#8222;, in dem Einzelpersonen sowie kirchliche Gruppen und Gemeinden zusammenarbeiten, hat sich mit aktuellen Fragen zur Bischofssynode \u00fcber Ehe und Familie auseinandergesetzt. In Voraussblick auf die zweite Sitzungsperiode der Synode, die im Oktober 2015 stattfinden soll, haben sie <a href=\"http:\/\/www.zeitgemaess-glauben.at\/cms\/images\/media\/dokumente\/2015%2003%2013%20Orientierung%20statt%20Gesetze.pdf\" target=\"_blank\">eine Stellungnahme mit dem Titel &#8222;Orientierung statt Gesetze&#8220; <\/a>formuliert und an Kardinal Sch\u00f6nborn und Bischof Elbs als daf\u00fcr Zust\u00e4ndige der \u00d6sterreichischen Bischofskonferenz gesendet.<\/p>\n<p>Wir laden alle Besucher unserer Homepage ein, diese Stellungnahme durchzulesen &#8211; Anmerkungen dazu sind auf dieser Seite sind willkommen.<\/p>\n","protected":false},"excerpt":{"rendered":"<p>Das Netzwerk &#8222;zeitgem\u00e4\u00df glauben&#8222;, in dem Einzelpersonen sowie kirchliche Gruppen und Gemeinden zusammenarbeiten, hat sich mit aktuellen Fragen zur Bischofssynode \u00fcber Ehe und Familie auseinandergesetzt. In Voraussblick auf die zweite Sitzungsperiode der Synode, die im Oktober 2015 stattfinden soll, haben sie eine Stellungnahme mit dem Titel &#8222;Orientierung statt Gesetze&#8220; formuliert und an Kardinal Sch\u00f6nborn und [&hellip;]<\/p>\n","protected":false},"author":2,"featured_media":0,"comment_status":"open","ping_status":"open","sticky":false,"template":"","format":"standard","meta":{"ngg_post_thumbnail":0,"footnotes":""},"categories":[20],"tags":[101,13],"class_list":{"0":"post-3295","1":"post","2":"type-post","3":"status-publish","4":"format-standard","6":"category-uebrigens","7":"tag-ehe","8":"tag-familie"},"publishpress_future_action":{"enabled":false,"date":"2026-05-09 13:07:28","action":"category","newStatus":"draft","terms":[],"taxonomy":"category","extraData":[]},"publishpress_future_workflow_manual_trigger":{"enabledWorkflows":[]},"_links":{"self":[{"href":"https:\/\/www.pfarregersthof.at\/komm\/wp-json\/wp\/v2\/posts\/3295","targetHints":{"allow":["GET"]}}],"collection":[{"href":"https:\/\/www.pfarregersthof.at\/komm\/wp-json\/wp\/v2\/posts"}],"about":[{"href":"https:\/\/www.pfarregersthof.at\/komm\/wp-json\/wp\/v2\/types\/post"}],"author":[{"embeddable":true,"href":"https:\/\/www.pfarregersthof.at\/komm\/wp-json\/wp\/v2\/users\/2"}],"replies":[{"embeddable":true,"href":"https:\/\/www.pfarregersthof.at\/komm\/wp-json\/wp\/v2\/comments?post=3295"}],"version-history":[{"count":2,"href":"https:\/\/www.pfarregersthof.at\/komm\/wp-json\/wp\/v2\/posts\/3295\/revisions"}],"predecessor-version":[{"id":3297,"href":"https:\/\/www.pfarregersthof.at\/komm\/wp-json\/wp\/v2\/posts\/3295\/revisions\/3297"}],"wp:attachment":[{"href":"https:\/\/www.pfarregersthof.at\/komm\/wp-json\/wp\/v2\/media?parent=3295"}],"wp:term":[{"taxonomy":"category","embeddable":true,"href":"https:\/\/www.pfarregersthof.at\/komm\/wp-json\/wp\/v2\/categories?post=3295"},{"taxonomy":"post_tag","embeddable":true,"href":"https:\/\/www.pfarregersthof.at\/komm\/wp-json\/wp\/v2\/tags?post=3295"}],"curies":[{"name":"wp","href":"https:\/\/api.w.org\/{rel}","templated":true}]}}