{"id":3320,"date":"2015-05-10T11:33:45","date_gmt":"2015-05-10T09:33:45","guid":{"rendered":"http:\/\/www.pfarregersthof.at\/komm\/?p=3320"},"modified":"2015-05-10T11:49:01","modified_gmt":"2015-05-10T09:49:01","slug":"pfarre-neu-erfordert-viele-gespraeche","status":"publish","type":"post","link":"https:\/\/www.pfarregersthof.at\/komm\/2015\/05\/pfarre-neu-erfordert-viele-gespraeche\/","title":{"rendered":"Pfarre-Neu erfordert viele Gespr\u00e4che"},"content":{"rendered":"<p>Der Pfarrgemeinderat von Gersthof setzt sich schon seit 2 Jahren mit dem von der Erzdi\u00f6zese Wien ausgerufenen Prozess &#8222;<a href=\"http:\/\/www.apg21.at\/\" target=\"_blank\">Apostelgeschichte 2.1<\/a>&#8220; auseinander, der auch eine Zusammenfassung mehrerer bisheriger Pfarren zu einer gr\u00f6\u00dferen Pfarre-Neu vorsieht. Um die weiteren Schritte in diese Richtung f\u00fcr Gersthof festzulegen, hat der PGR am 5.5. den Dechant des 15. Bezirks, Martin Rupprecht, eingeladen, da dort diese Umstrukturierung schon weit fortgeschritten ist und er daher Erfahrung aus erster Hand besitzt.<\/p>\n<p>Wesentliche Aussagen des Abends waren:<\/p>\n<ul>\n<li>Der Prozess des Zusammenwirkens von bisherigen Pfarren als Gemeinden einer neuen, gro\u00dfen Pfarre bedarf einiger Zeit, im 15. Bezirk sind es 7 Jahre.<\/li>\n<li>In den Gespr\u00e4chen dazu muss darauf geachtet werden, dass alle bisherigen Pfarren gleich behandelt werden &#8211; ob gro\u00df oder klein.<\/li>\n<li>Dieser Prozess erfordert viel Zeit f\u00fcr Gespr\u00e4che dar\u00fcber &#8230;<\/li>\n<li>&#8230; unter den Pfarren auf ihrem Weg zu Gemeinden einer gro\u00dfen Pfarre &#8230;<\/li>\n<li>&#8230; aber auch mit den vielen in den Pfarren bzw. Gemeinden aktiven Personen. Man m\u00fcsse diese vom neuen Weg \u00fcberzeugen.<\/li>\n<li>Man m\u00fcsse aber auch von einigem Abschied nehmen: Eucharistiefeiern k\u00f6nnen nicht im bisherigen Ausma\u00df fortgesetzt werden, es muss nicht jeder Gottesdienst eine Eucharistie sein. Und f\u00fcr bestimmte Aufgaben, wie etwa die Sakramentenvorbereitung, kann eine Gemeinde die Tr\u00e4gerin f\u00fcr ganze Pfarre werden, das hei\u00dft: es muss nicht alles in allen Gemeinden gemacht werden.<\/li>\n<li>Es wird aber auch danach gestrebt, die Vielfalt an Menschen und ihren Formen von Glaubensleben in der gr0\u00dfen Pfarre-Neu zu erhalten und nicht einzuebnen.<\/li>\n<li>Dechant Rupprecht unterstrich: &#8222;Unser pers\u00f6nliches Engagement sollte nicht vorranging f\u00fcr eine bestimmte Pfarre\/Gemeinde sein, sondern f\u00fcr die Sache Jesu.&#8220;<\/li>\n<\/ul>\n<p>Eine <a href=\"https:\/\/www.pfarregersthof.at\/dokus\/PfGersthof-NeuStruktGespraech-DechRupprecht_2015-05-05.pdf\" target=\"_blank\">Zusammenfassung des Gespr\u00e4chs kann nachgelesen<\/a> und <a href=\"https:\/\/www.pfarregersthof.at\/dokus\/audio\/20150505-PfMRupprecht-NeuStruktDek15_2.MP3\" target=\"_blank\">das ganze Gespr\u00e4ch nachgeh\u00f6rt<\/a> werden.<\/p>\n<p>Der Pfarrgemeinderat von Gersthof wird sich in seiner Klausurtagung Anfang Oktober 2015 mit den Zielen f\u00fcr unsere Pfarre im Rahmen der Neustrukturierung im Dekanat Wien 18 auseinandersetzen.<\/p>\n<p><span style=\"color: #3366ff;\"><em>\u00a0Michael\u00a0 Steidl, PGR<\/em><\/span><\/p>\n","protected":false},"excerpt":{"rendered":"<p>Der Pfarrgemeinderat von Gersthof setzt sich schon seit 2 Jahren mit dem von der Erzdi\u00f6zese Wien ausgerufenen Prozess &#8222;Apostelgeschichte 2.1&#8220; auseinander, der auch eine Zusammenfassung mehrerer bisheriger Pfarren zu einer gr\u00f6\u00dferen Pfarre-Neu vorsieht. Um die weiteren Schritte in diese Richtung f\u00fcr Gersthof festzulegen, hat der PGR am 5.5. den Dechant des 15. Bezirks, Martin Rupprecht, [&hellip;]<\/p>\n","protected":false},"author":2,"featured_media":0,"comment_status":"open","ping_status":"open","sticky":false,"template":"","format":"standard","meta":{"ngg_post_thumbnail":0,"footnotes":""},"categories":[5,14],"tags":[],"class_list":{"0":"post-3320","1":"post","2":"type-post","3":"status-publish","4":"format-standard","6":"category-was-gewesen-ist","7":"category-zuletzt"},"publishpress_future_action":{"enabled":false,"date":"2026-05-09 08:52:27","action":"category","newStatus":"draft","terms":[],"taxonomy":"category","extraData":[]},"publishpress_future_workflow_manual_trigger":{"enabledWorkflows":[]},"_links":{"self":[{"href":"https:\/\/www.pfarregersthof.at\/komm\/wp-json\/wp\/v2\/posts\/3320","targetHints":{"allow":["GET"]}}],"collection":[{"href":"https:\/\/www.pfarregersthof.at\/komm\/wp-json\/wp\/v2\/posts"}],"about":[{"href":"https:\/\/www.pfarregersthof.at\/komm\/wp-json\/wp\/v2\/types\/post"}],"author":[{"embeddable":true,"href":"https:\/\/www.pfarregersthof.at\/komm\/wp-json\/wp\/v2\/users\/2"}],"replies":[{"embeddable":true,"href":"https:\/\/www.pfarregersthof.at\/komm\/wp-json\/wp\/v2\/comments?post=3320"}],"version-history":[{"count":10,"href":"https:\/\/www.pfarregersthof.at\/komm\/wp-json\/wp\/v2\/posts\/3320\/revisions"}],"predecessor-version":[{"id":3330,"href":"https:\/\/www.pfarregersthof.at\/komm\/wp-json\/wp\/v2\/posts\/3320\/revisions\/3330"}],"wp:attachment":[{"href":"https:\/\/www.pfarregersthof.at\/komm\/wp-json\/wp\/v2\/media?parent=3320"}],"wp:term":[{"taxonomy":"category","embeddable":true,"href":"https:\/\/www.pfarregersthof.at\/komm\/wp-json\/wp\/v2\/categories?post=3320"},{"taxonomy":"post_tag","embeddable":true,"href":"https:\/\/www.pfarregersthof.at\/komm\/wp-json\/wp\/v2\/tags?post=3320"}],"curies":[{"name":"wp","href":"https:\/\/api.w.org\/{rel}","templated":true}]}}