{"id":3368,"date":"2015-06-06T16:28:39","date_gmt":"2015-06-06T14:28:39","guid":{"rendered":"http:\/\/www.pfarregersthof.at\/komm\/?p=3368"},"modified":"2015-06-06T16:30:03","modified_gmt":"2015-06-06T14:30:03","slug":"rektor-heinrich-80-jahre","status":"publish","type":"post","link":"https:\/\/www.pfarregersthof.at\/komm\/2015\/06\/rektor-heinrich-80-jahre\/","title":{"rendered":"Rektor Heinrich 80 Jahre"},"content":{"rendered":"<p><a href=\"https:\/\/www.pfarregersthof.at\/komm\/wp-content\/uploads\/2015\/06\/HeinrichPokornyGT80a.jpg\"><img loading=\"lazy\" decoding=\"async\" class=\"alignleft size-medium wp-image-3361\" src=\"https:\/\/www.pfarregersthof.at\/komm\/wp-content\/uploads\/2015\/06\/HeinrichPokornyGT80a-224x300.jpg\" alt=\"HeinrichPokornyGT80a\" width=\"224\" height=\"300\" srcset=\"https:\/\/www.pfarregersthof.at\/komm\/wp-content\/uploads\/2015\/06\/HeinrichPokornyGT80a-224x300.jpg 224w, https:\/\/www.pfarregersthof.at\/komm\/wp-content\/uploads\/2015\/06\/HeinrichPokornyGT80a-112x150.jpg 112w, https:\/\/www.pfarregersthof.at\/komm\/wp-content\/uploads\/2015\/06\/HeinrichPokornyGT80a-598x800.jpg 598w, https:\/\/www.pfarregersthof.at\/komm\/wp-content\/uploads\/2015\/06\/HeinrichPokornyGT80a.jpg 968w\" sizes=\"auto, (max-width: 224px) 100vw, 224px\" \/><\/a>Ende Mai feierte Heinrich Pokorny seinen 80 Geburtstag. Als priesterlicher Rektor der Johannes Nepomuk Kapelle wurde dort mit ihm am 29. Mai eine feierliche Vesper gefeiert. Am Kirtag, 31.5., wurde er auch von der ganzen Pfarre f\u00fcr seine T\u00e4tigkeit bedankt.<\/p>\n<p>&nbsp;<\/p>\n<h6>(Foto: Martin Fr\u00f6hner)<\/h6>\n","protected":false},"excerpt":{"rendered":"<p>Ende Mai feierte Heinrich Pokorny seinen 80 Geburtstag. Als priesterlicher Rektor der Johannes Nepomuk Kapelle wurde dort mit ihm am 29. Mai eine feierliche Vesper gefeiert. Am Kirtag, 31.5., wurde er auch von der ganzen Pfarre f\u00fcr seine T\u00e4tigkeit bedankt. &nbsp; (Foto: Martin Fr\u00f6hner)<\/p>\n","protected":false},"author":2,"featured_media":3361,"comment_status":"open","ping_status":"open","sticky":false,"template":"","format":"standard","meta":{"ngg_post_thumbnail":0,"footnotes":""},"categories":[5,14],"tags":[],"class_list":{"0":"post-3368","1":"post","2":"type-post","3":"status-publish","4":"format-standard","5":"has-post-thumbnail","7":"category-was-gewesen-ist","8":"category-zuletzt"},"publishpress_future_action":{"enabled":false,"date":"2026-05-09 08:48:57","action":"category","newStatus":"draft","terms":[],"taxonomy":"category","extraData":[]},"publishpress_future_workflow_manual_trigger":{"enabledWorkflows":[]},"_links":{"self":[{"href":"https:\/\/www.pfarregersthof.at\/komm\/wp-json\/wp\/v2\/posts\/3368","targetHints":{"allow":["GET"]}}],"collection":[{"href":"https:\/\/www.pfarregersthof.at\/komm\/wp-json\/wp\/v2\/posts"}],"about":[{"href":"https:\/\/www.pfarregersthof.at\/komm\/wp-json\/wp\/v2\/types\/post"}],"author":[{"embeddable":true,"href":"https:\/\/www.pfarregersthof.at\/komm\/wp-json\/wp\/v2\/users\/2"}],"replies":[{"embeddable":true,"href":"https:\/\/www.pfarregersthof.at\/komm\/wp-json\/wp\/v2\/comments?post=3368"}],"version-history":[{"count":3,"href":"https:\/\/www.pfarregersthof.at\/komm\/wp-json\/wp\/v2\/posts\/3368\/revisions"}],"predecessor-version":[{"id":3371,"href":"https:\/\/www.pfarregersthof.at\/komm\/wp-json\/wp\/v2\/posts\/3368\/revisions\/3371"}],"wp:featuredmedia":[{"embeddable":true,"href":"https:\/\/www.pfarregersthof.at\/komm\/wp-json\/wp\/v2\/media\/3361"}],"wp:attachment":[{"href":"https:\/\/www.pfarregersthof.at\/komm\/wp-json\/wp\/v2\/media?parent=3368"}],"wp:term":[{"taxonomy":"category","embeddable":true,"href":"https:\/\/www.pfarregersthof.at\/komm\/wp-json\/wp\/v2\/categories?post=3368"},{"taxonomy":"post_tag","embeddable":true,"href":"https:\/\/www.pfarregersthof.at\/komm\/wp-json\/wp\/v2\/tags?post=3368"}],"curies":[{"name":"wp","href":"https:\/\/api.w.org\/{rel}","templated":true}]}}