{"id":3415,"date":"2015-06-14T20:39:52","date_gmt":"2015-06-14T18:39:52","guid":{"rendered":"http:\/\/www.pfarregersthof.at\/komm\/?p=3415"},"modified":"2015-06-23T21:01:11","modified_gmt":"2015-06-23T19:01:11","slug":"mensch-mit-gefuehlen-sehnsuechten-hoffnung-21-6","status":"publish","type":"post","link":"https:\/\/www.pfarregersthof.at\/komm\/2015\/06\/mensch-mit-gefuehlen-sehnsuechten-hoffnung-21-6\/","title":{"rendered":"Mensch &#8211; mit Gef\u00fchlen, Sehns\u00fcchten &#8230; Hoffnung (21.6.)"},"content":{"rendered":"<p><strong>Mein Name ist Mensch<\/strong> und als solcher habe ich Gef\u00fchle, Sehns\u00fcchte&#8230;und Hoffnung!<\/p>\n<p>Im Gemeindegottesdienst am Sonntag, 21. Juni, um 10.00 Uhr denken wir \u00fcber unsere Hoffnungen nach. Hoffnungen, die nicht erwarten, dass alles gut wird, sondern die Hoffnung, den Sinn zu finden, egal wie etwas ausgeht.<\/p>\n<p>Zu einem hoffnungsvollen Gottesdienst laden herzlich ein<br \/>\n<span style=\"color: #3366ff;\"><em>Stefanie Huber und Hemma Gamillscheg<\/em><\/span><\/p>\n","protected":false},"excerpt":{"rendered":"<p>Mein Name ist Mensch und als solcher habe ich Gef\u00fchle, Sehns\u00fcchte&#8230;und Hoffnung! Im Gemeindegottesdienst am Sonntag, 21. Juni, um 10.00 Uhr denken wir \u00fcber unsere Hoffnungen nach. Hoffnungen, die nicht erwarten, dass alles gut wird, sondern die Hoffnung, den Sinn zu finden, egal wie etwas ausgeht. Zu einem hoffnungsvollen Gottesdienst laden herzlich ein Stefanie Huber [&hellip;]<\/p>\n","protected":false},"author":2,"featured_media":0,"comment_status":"open","ping_status":"open","sticky":false,"template":"","format":"standard","meta":{"ngg_post_thumbnail":0,"footnotes":""},"categories":[7],"tags":[],"class_list":{"0":"post-3415","1":"post","2":"type-post","3":"status-publish","4":"format-standard","6":"category-archiv"},"publishpress_future_action":{"enabled":false,"date":"2026-05-09 14:40:04","action":"category","newStatus":"draft","terms":[],"taxonomy":"category","extraData":[]},"publishpress_future_workflow_manual_trigger":{"enabledWorkflows":[]},"_links":{"self":[{"href":"https:\/\/www.pfarregersthof.at\/komm\/wp-json\/wp\/v2\/posts\/3415","targetHints":{"allow":["GET"]}}],"collection":[{"href":"https:\/\/www.pfarregersthof.at\/komm\/wp-json\/wp\/v2\/posts"}],"about":[{"href":"https:\/\/www.pfarregersthof.at\/komm\/wp-json\/wp\/v2\/types\/post"}],"author":[{"embeddable":true,"href":"https:\/\/www.pfarregersthof.at\/komm\/wp-json\/wp\/v2\/users\/2"}],"replies":[{"embeddable":true,"href":"https:\/\/www.pfarregersthof.at\/komm\/wp-json\/wp\/v2\/comments?post=3415"}],"version-history":[{"count":1,"href":"https:\/\/www.pfarregersthof.at\/komm\/wp-json\/wp\/v2\/posts\/3415\/revisions"}],"predecessor-version":[{"id":3416,"href":"https:\/\/www.pfarregersthof.at\/komm\/wp-json\/wp\/v2\/posts\/3415\/revisions\/3416"}],"wp:attachment":[{"href":"https:\/\/www.pfarregersthof.at\/komm\/wp-json\/wp\/v2\/media?parent=3415"}],"wp:term":[{"taxonomy":"category","embeddable":true,"href":"https:\/\/www.pfarregersthof.at\/komm\/wp-json\/wp\/v2\/categories?post=3415"},{"taxonomy":"post_tag","embeddable":true,"href":"https:\/\/www.pfarregersthof.at\/komm\/wp-json\/wp\/v2\/tags?post=3415"}],"curies":[{"name":"wp","href":"https:\/\/api.w.org\/{rel}","templated":true}]}}