{"id":3597,"date":"2015-11-09T19:32:46","date_gmt":"2015-11-09T18:32:46","guid":{"rendered":"http:\/\/www.pfarregersthof.at\/komm\/?p=3597"},"modified":"2015-11-22T18:18:41","modified_gmt":"2015-11-22T17:18:41","slug":"bosnienhilfe-konzert-20-11","status":"publish","type":"post","link":"https:\/\/www.pfarregersthof.at\/komm\/2015\/11\/bosnienhilfe-konzert-20-11\/","title":{"rendered":"Bosnienhilfe-Konzert (20.11.)"},"content":{"rendered":"<p>Bernhard P\u00f6tsch, Universit\u00e4tsprofessor an der Musikuniversit\u00e4t Wien, ist ein gro\u00dfartiger Pianist, der gerne einen pers\u00f6nlichen Kontakt zum Publikum herstellt, was seinen Niederschlag in moderierten Konzerten und auch ungew\u00f6hnlichen Auff\u00fchrungsorten findet. Deshalb wird er bei freiem Eintritt am Freitag,\u00a0 20. November 2015, um 19.00 Uhr im Alten Konzertsaal,Rennweg 8, 2. Hof, 1030 Wien, spielen und dabei an die Not der Menschen in Bosnien denken. Sonaten von Schubert und Schumann, sowie &#8222;Idyll und Abgrund&#8220; von Widmann gelangen zu Geh\u00f6r.<\/p>\n<p>Ich hoffe, dass die Musik auch Ihr Herz erreicht und danke f\u00fcr Ihr Kommen und Ihre<br \/>\nUnterst\u00fctzung!<br \/>\n<span style=\"color: #3366ff;\"><em>Annemarie Kury<\/em><\/span><\/p>\n","protected":false},"excerpt":{"rendered":"<p>Bernhard P\u00f6tsch, Universit\u00e4tsprofessor an der Musikuniversit\u00e4t Wien, ist ein gro\u00dfartiger Pianist, der gerne einen pers\u00f6nlichen Kontakt zum Publikum herstellt, was seinen Niederschlag in moderierten Konzerten und auch ungew\u00f6hnlichen Auff\u00fchrungsorten findet. Deshalb wird er bei freiem Eintritt am Freitag,\u00a0 20. November 2015, um 19.00 Uhr im Alten Konzertsaal,Rennweg 8, 2. Hof, 1030 Wien, spielen und dabei [&hellip;]<\/p>\n","protected":false},"author":2,"featured_media":0,"comment_status":"open","ping_status":"open","sticky":false,"template":"","format":"standard","meta":{"ngg_post_thumbnail":0,"footnotes":""},"categories":[7],"tags":[],"class_list":{"0":"post-3597","1":"post","2":"type-post","3":"status-publish","4":"format-standard","6":"category-archiv"},"publishpress_future_action":{"enabled":false,"date":"2026-05-08 10:37:36","action":"category","newStatus":"draft","terms":[],"taxonomy":"category","extraData":[]},"publishpress_future_workflow_manual_trigger":{"enabledWorkflows":[]},"_links":{"self":[{"href":"https:\/\/www.pfarregersthof.at\/komm\/wp-json\/wp\/v2\/posts\/3597","targetHints":{"allow":["GET"]}}],"collection":[{"href":"https:\/\/www.pfarregersthof.at\/komm\/wp-json\/wp\/v2\/posts"}],"about":[{"href":"https:\/\/www.pfarregersthof.at\/komm\/wp-json\/wp\/v2\/types\/post"}],"author":[{"embeddable":true,"href":"https:\/\/www.pfarregersthof.at\/komm\/wp-json\/wp\/v2\/users\/2"}],"replies":[{"embeddable":true,"href":"https:\/\/www.pfarregersthof.at\/komm\/wp-json\/wp\/v2\/comments?post=3597"}],"version-history":[{"count":1,"href":"https:\/\/www.pfarregersthof.at\/komm\/wp-json\/wp\/v2\/posts\/3597\/revisions"}],"predecessor-version":[{"id":3598,"href":"https:\/\/www.pfarregersthof.at\/komm\/wp-json\/wp\/v2\/posts\/3597\/revisions\/3598"}],"wp:attachment":[{"href":"https:\/\/www.pfarregersthof.at\/komm\/wp-json\/wp\/v2\/media?parent=3597"}],"wp:term":[{"taxonomy":"category","embeddable":true,"href":"https:\/\/www.pfarregersthof.at\/komm\/wp-json\/wp\/v2\/categories?post=3597"},{"taxonomy":"post_tag","embeddable":true,"href":"https:\/\/www.pfarregersthof.at\/komm\/wp-json\/wp\/v2\/tags?post=3597"}],"curies":[{"name":"wp","href":"https:\/\/api.w.org\/{rel}","templated":true}]}}