{"id":3611,"date":"2015-11-08T18:47:43","date_gmt":"2015-11-08T17:47:43","guid":{"rendered":"http:\/\/www.pfarregersthof.at\/komm\/?p=3611"},"modified":"2015-11-15T17:33:40","modified_gmt":"2015-11-15T16:33:40","slug":"martinsfest-fuer-die-juengsten-11-11","status":"publish","type":"post","link":"https:\/\/www.pfarregersthof.at\/komm\/2015\/11\/martinsfest-fuer-die-juengsten-11-11\/","title":{"rendered":"Martinsfest f\u00fcr die J\u00fcngsten (11.11.)"},"content":{"rendered":"<p>Wir laden zu einem Martinsfest f\u00fcr die J\u00fcngsten am 11.11 ab 16 Uhr ins Gemeindezentrum (Bastiengasse 18) ein, weil auch schon die Kleinsten von Licht fasziniert sind und sich \u00fcber Laternen, Lieder und eine einfache Geschichte sehr freuen.<\/p>\n<p>Ich lade alle Familien mit Noch-nicht-Kindergartenkindern ein zum gemeinsamen Feiern und dem anschlie\u00dfenden Laternenumzug in die Kirche! Und weil man nicht fr\u00fch genug beginnen kann das Teilen zu \u00fcben gibts nachher Martinskipferl&#8230;ein Bissen f\u00fcr Mami und einer f\u00fcr mich und einer f\u00fcr dich;)<\/p>\n<p>Herzlich willkommen allen!<br \/>\n<span style=\"color: #3366ff;\"><em>Hemma Gamillscheg<\/em><\/span><\/p>\n","protected":false},"excerpt":{"rendered":"<p>Wir laden zu einem Martinsfest f\u00fcr die J\u00fcngsten am 11.11 ab 16 Uhr ins Gemeindezentrum (Bastiengasse 18) ein, weil auch schon die Kleinsten von Licht fasziniert sind und sich \u00fcber Laternen, Lieder und eine einfache Geschichte sehr freuen. Ich lade alle Familien mit Noch-nicht-Kindergartenkindern ein zum gemeinsamen Feiern und dem anschlie\u00dfenden Laternenumzug in die Kirche! [&hellip;]<\/p>\n","protected":false},"author":2,"featured_media":0,"comment_status":"open","ping_status":"open","sticky":false,"template":"","format":"standard","meta":{"ngg_post_thumbnail":0,"footnotes":""},"categories":[7],"tags":[],"class_list":{"0":"post-3611","1":"post","2":"type-post","3":"status-publish","4":"format-standard","6":"category-archiv"},"publishpress_future_action":{"enabled":false,"date":"2026-05-10 16:46:38","action":"category","newStatus":"draft","terms":[],"taxonomy":"category","extraData":[]},"publishpress_future_workflow_manual_trigger":{"enabledWorkflows":[]},"_links":{"self":[{"href":"https:\/\/www.pfarregersthof.at\/komm\/wp-json\/wp\/v2\/posts\/3611","targetHints":{"allow":["GET"]}}],"collection":[{"href":"https:\/\/www.pfarregersthof.at\/komm\/wp-json\/wp\/v2\/posts"}],"about":[{"href":"https:\/\/www.pfarregersthof.at\/komm\/wp-json\/wp\/v2\/types\/post"}],"author":[{"embeddable":true,"href":"https:\/\/www.pfarregersthof.at\/komm\/wp-json\/wp\/v2\/users\/2"}],"replies":[{"embeddable":true,"href":"https:\/\/www.pfarregersthof.at\/komm\/wp-json\/wp\/v2\/comments?post=3611"}],"version-history":[{"count":1,"href":"https:\/\/www.pfarregersthof.at\/komm\/wp-json\/wp\/v2\/posts\/3611\/revisions"}],"predecessor-version":[{"id":3612,"href":"https:\/\/www.pfarregersthof.at\/komm\/wp-json\/wp\/v2\/posts\/3611\/revisions\/3612"}],"wp:attachment":[{"href":"https:\/\/www.pfarregersthof.at\/komm\/wp-json\/wp\/v2\/media?parent=3611"}],"wp:term":[{"taxonomy":"category","embeddable":true,"href":"https:\/\/www.pfarregersthof.at\/komm\/wp-json\/wp\/v2\/categories?post=3611"},{"taxonomy":"post_tag","embeddable":true,"href":"https:\/\/www.pfarregersthof.at\/komm\/wp-json\/wp\/v2\/tags?post=3611"}],"curies":[{"name":"wp","href":"https:\/\/api.w.org\/{rel}","templated":true}]}}