{"id":3627,"date":"2015-11-15T18:17:13","date_gmt":"2015-11-15T17:17:13","guid":{"rendered":"http:\/\/www.pfarregersthof.at\/komm\/?p=3627"},"modified":"2015-11-22T18:17:35","modified_gmt":"2015-11-22T17:17:35","slug":"toni-hecht-30-jahre-diakon","status":"publish","type":"post","link":"https:\/\/www.pfarregersthof.at\/komm\/2015\/11\/toni-hecht-30-jahre-diakon\/","title":{"rendered":"Toni Hecht 30 Jahre Diakon"},"content":{"rendered":"<p><a href=\"https:\/\/www.pfarregersthof.at\/komm\/wp-content\/uploads\/2015\/11\/mwsat-20151115-IMG_4345.jpg\"><img loading=\"lazy\" decoding=\"async\" class=\"alignleft wp-image-3630 size-medium\" src=\"https:\/\/www.pfarregersthof.at\/komm\/wp-content\/uploads\/2015\/11\/mwsat-20151115-IMG_4345-174x300.jpg\" alt=\"\" width=\"174\" height=\"300\" srcset=\"https:\/\/www.pfarregersthof.at\/komm\/wp-content\/uploads\/2015\/11\/mwsat-20151115-IMG_4345-174x300.jpg 174w, https:\/\/www.pfarregersthof.at\/komm\/wp-content\/uploads\/2015\/11\/mwsat-20151115-IMG_4345-87x150.jpg 87w, https:\/\/www.pfarregersthof.at\/komm\/wp-content\/uploads\/2015\/11\/mwsat-20151115-IMG_4345-463x800.jpg 463w, https:\/\/www.pfarregersthof.at\/komm\/wp-content\/uploads\/2015\/11\/mwsat-20151115-IMG_4345.jpg 1000w\" sizes=\"auto, (max-width: 174px) 100vw, 174px\" \/><\/a><\/p>\n<p>Am 16.11. vor 30 Jahren wurde Toni Hecht zum Diakon vom damaligen Weihbischof Florian Kuntner geweiht und ist seither als st\u00e4ndiger Diakon in der Pfarre Gersthof aktiv.<\/p>\n<p>Am Sonntag, 15.11.2015, wurde ihm im Rahmen des 10-Uhr-Gottesdienstes von der Pfarrgemeinde gedankt und er wurde mit einem Korb an &#8222;Italienischem&#8220; als Geschenk bedacht.<\/p>\n<p>Diakon Toni spendet in Gersthof das Sakrament der Taufe, er steht Trauungsfeiern vor und er ist in Gottediensten aktiv. Dar\u00fcber hinaus nimmt er sich auch der Begleitung von Kranken an. Auf der Ebene der Erzdi\u00f6zese Wien begleitet er angehende Diakonkandidaten auf ihrem Weg zur Weihe.<\/p>\n<p><a href=\"https:\/\/www.pfarregersthof.at\/komm\/wp-content\/uploads\/2015\/11\/mwsat-20151115-IMG_4333.jpg\"><img loading=\"lazy\" decoding=\"async\" class=\"alignright wp-image-3629 size-medium\" src=\"https:\/\/www.pfarregersthof.at\/komm\/wp-content\/uploads\/2015\/11\/mwsat-20151115-IMG_4333-300x200.jpg\" alt=\"\" width=\"300\" height=\"200\" srcset=\"https:\/\/www.pfarregersthof.at\/komm\/wp-content\/uploads\/2015\/11\/mwsat-20151115-IMG_4333-300x200.jpg 300w, https:\/\/www.pfarregersthof.at\/komm\/wp-content\/uploads\/2015\/11\/mwsat-20151115-IMG_4333-150x100.jpg 150w, https:\/\/www.pfarregersthof.at\/komm\/wp-content\/uploads\/2015\/11\/mwsat-20151115-IMG_4333-800x534.jpg 800w, https:\/\/www.pfarregersthof.at\/komm\/wp-content\/uploads\/2015\/11\/mwsat-20151115-IMG_4333.jpg 1000w\" sizes=\"auto, (max-width: 300px) 100vw, 300px\" \/><\/a><\/p>\n<p><strong>Worte des Dankes<\/strong><\/p>\n<p><em>Anl\u00e4sslich des Jahrestages meiner Weihe zum Diakon vor drei\u00dfig Jahren kamen mir viele Dankeszeichen, Dankesworte und Gl\u00fcckw\u00fcnsche zu. Daf\u00fcr m\u00f6chte ich mich ganz herzlich bei euch allen bedanken. Danke unserem Herrn und Gott, der mich in seinen Dienst berufen hat. Danke f\u00fcr all die Begegnungen und das \u201eDA SEIN D\u00dcRFEN\u201c f\u00fcr Menschen beginnend bei Taufgespr\u00e4chen, Taufen, Trauungen, Begleitungen, Trauergespr\u00e4chen und bis zu Begr\u00e4bnissen. Ich m\u00f6chte keine dieser Stunden in meinem Leben vermissen und hoffe, dass ich Menschen zu Christus f\u00fchren durfte und f\u00fcr niemand zum \u00c4rgernis geworden bin. Ich bitte euch um das Gebet um Berufungen.<br \/>\n<span style=\"color: #3366ff;\">Diakon Toni<\/span><\/em><\/p>\n","protected":false},"excerpt":{"rendered":"<p>Am 16.11. vor 30 Jahren wurde Toni Hecht zum Diakon vom damaligen Weihbischof Florian Kuntner geweiht und ist seither als st\u00e4ndiger Diakon in der Pfarre Gersthof aktiv. Am Sonntag, 15.11.2015, wurde ihm im Rahmen des 10-Uhr-Gottesdienstes von der Pfarrgemeinde gedankt und er wurde mit einem Korb an &#8222;Italienischem&#8220; als Geschenk bedacht. Diakon Toni spendet in [&hellip;]<\/p>\n","protected":false},"author":2,"featured_media":3629,"comment_status":"open","ping_status":"open","sticky":false,"template":"","format":"standard","meta":{"ngg_post_thumbnail":0,"footnotes":""},"categories":[5],"tags":[],"class_list":{"0":"post-3627","1":"post","2":"type-post","3":"status-publish","4":"format-standard","5":"has-post-thumbnail","7":"category-was-gewesen-ist"},"publishpress_future_action":{"enabled":false,"date":"2026-05-06 14:56:34","action":"category","newStatus":"draft","terms":[],"taxonomy":"category","extraData":[]},"publishpress_future_workflow_manual_trigger":{"enabledWorkflows":[]},"_links":{"self":[{"href":"https:\/\/www.pfarregersthof.at\/komm\/wp-json\/wp\/v2\/posts\/3627","targetHints":{"allow":["GET"]}}],"collection":[{"href":"https:\/\/www.pfarregersthof.at\/komm\/wp-json\/wp\/v2\/posts"}],"about":[{"href":"https:\/\/www.pfarregersthof.at\/komm\/wp-json\/wp\/v2\/types\/post"}],"author":[{"embeddable":true,"href":"https:\/\/www.pfarregersthof.at\/komm\/wp-json\/wp\/v2\/users\/2"}],"replies":[{"embeddable":true,"href":"https:\/\/www.pfarregersthof.at\/komm\/wp-json\/wp\/v2\/comments?post=3627"}],"version-history":[{"count":4,"href":"https:\/\/www.pfarregersthof.at\/komm\/wp-json\/wp\/v2\/posts\/3627\/revisions"}],"predecessor-version":[{"id":3633,"href":"https:\/\/www.pfarregersthof.at\/komm\/wp-json\/wp\/v2\/posts\/3627\/revisions\/3633"}],"wp:featuredmedia":[{"embeddable":true,"href":"https:\/\/www.pfarregersthof.at\/komm\/wp-json\/wp\/v2\/media\/3629"}],"wp:attachment":[{"href":"https:\/\/www.pfarregersthof.at\/komm\/wp-json\/wp\/v2\/media?parent=3627"}],"wp:term":[{"taxonomy":"category","embeddable":true,"href":"https:\/\/www.pfarregersthof.at\/komm\/wp-json\/wp\/v2\/categories?post=3627"},{"taxonomy":"post_tag","embeddable":true,"href":"https:\/\/www.pfarregersthof.at\/komm\/wp-json\/wp\/v2\/tags?post=3627"}],"curies":[{"name":"wp","href":"https:\/\/api.w.org\/{rel}","templated":true}]}}