{"id":3699,"date":"2016-01-01T18:04:39","date_gmt":"2016-01-01T17:04:39","guid":{"rendered":"http:\/\/www.pfarregersthof.at\/komm\/?p=3699"},"modified":"2016-01-01T18:19:57","modified_gmt":"2016-01-01T17:19:57","slug":"polizeipraesident-puerstl-kernprobleme-der-sicherheit-gemeinsam-angehen-31-1-2015","status":"publish","type":"post","link":"https:\/\/www.pfarregersthof.at\/komm\/2016\/01\/polizeipraesident-puerstl-kernprobleme-der-sicherheit-gemeinsam-angehen-31-1-2015\/","title":{"rendered":"Polizeipr\u00e4sident P\u00fcrstl: Kernprobleme der Sicherheit gemeinsam angehen (31.1.2015)"},"content":{"rendered":"<p><a href=\"https:\/\/www.pfarregersthof.at\/komm\/wp-content\/uploads\/2016\/01\/IMG_0375.jpg\"><img loading=\"lazy\" decoding=\"async\" class=\"size-medium wp-image-3708 alignleft\" src=\"https:\/\/www.pfarregersthof.at\/komm\/wp-content\/uploads\/2016\/01\/IMG_0375-300x246.jpg\" alt=\"IMG_0375\" width=\"300\" height=\"246\" srcset=\"https:\/\/www.pfarregersthof.at\/komm\/wp-content\/uploads\/2016\/01\/IMG_0375.jpg 300w, https:\/\/www.pfarregersthof.at\/komm\/wp-content\/uploads\/2016\/01\/IMG_0375-150x123.jpg 150w\" sizes=\"auto, (max-width: 300px) 100vw, 300px\" \/><\/a>Die Kernprobleme der \u00f6ffentlichen Sicherheit &#8211; Armut, Bildung und Ungleichbehandlung &#8211; m\u00fcssen von allen gesellschaftlichen Kr\u00e4ften gemeinsam gel\u00f6st werden um so auch ein breites Sicherheitsempfinden in der Bev\u00f6lkerung herzustellen. Das hat Dr. Gerhard P\u00fcrstl, Landespolizeipr\u00e4sident von Wien, in seiner Ansprache im Jahresschlussgottesdienst 2015 am 31.12. in der Pfarrkirche unterstrichen. Er wies darauf hin, dass Daten zum objektiven Stand der Sicherheit und das subjektive Empfinden von Wienerinnen und Wiener auch einander widersprechen. So sei etwa die Zahl der Kriminalf\u00e4lle in Wien seit 2004 von damals 260.000 auf heute 200.000 zur\u00fcckgegangen, andererseits haben die Klagen \u00fcber abnehmende Sicherheit zugenommen. Auch die Bef\u00fcrchtung, dass die im vergangenen Sommer einsetzende Fl\u00fcchtlingswelle zu einem deutlichen Ansteigen der Kriminalit\u00e4t f\u00fchren w\u00fcrde, kann nicht in den Daten der Polizei nachvollzogen werden.<\/p>\n<p><a href=\"https:\/\/www.pfarregersthof.at\/komm\/wp-content\/uploads\/2016\/01\/IMG_0377.jpg\"><img loading=\"lazy\" decoding=\"async\" class=\"size-medium wp-image-3701 alignleft\" src=\"https:\/\/www.pfarregersthof.at\/komm\/wp-content\/uploads\/2016\/01\/IMG_0377-300x225.jpg\" alt=\"IMG_0377\" width=\"300\" height=\"225\" srcset=\"https:\/\/www.pfarregersthof.at\/komm\/wp-content\/uploads\/2016\/01\/IMG_0377-300x225.jpg 300w, https:\/\/www.pfarregersthof.at\/komm\/wp-content\/uploads\/2016\/01\/IMG_0377-150x113.jpg 150w, https:\/\/www.pfarregersthof.at\/komm\/wp-content\/uploads\/2016\/01\/IMG_0377.jpg 600w\" sizes=\"auto, (max-width: 300px) 100vw, 300px\" \/><\/a>Diese Daten d\u00fcrften allerdings nicht die Probleme des Fl\u00fcchtlingsstroms nach Europa und \u00d6sterreich \u00fcberdecken, betonte P\u00fcrstl. Viele konkrete menschliche Probleme seien in den letzten Monaten von Organisationen wie der Caritas,\u00a0 dem Roten Kreuz, dem Arbeitssamariterbund und vielen weiteren angegangen und soweit wie m\u00f6glich gel\u00f6st worden. Es gehe nun aber darum diesen Menschen in \u00d6sterreich eine neue Heimat zu bieten und dazu m\u00fcsse sichergestellt werden, dass sie nicht unter die Armutsgrenze fallen, dass sie ein f\u00fcr \u00d6sterreich notwendiges Bildungsniveau erreichen und dass sie gleich wie andere Einwohner dieses Landes behandelt werden. &#8222;Das aber ist ein gesamtstaatliches Problem und nicht eines, das allein von diesen Hilfsorganisationen gel\u00f6st werden kann&#8220; stellte P\u00fcrstl mit Nachdruck fest. Dar\u00fcber hinaus sei die Politik von \u00d6sterreich und von Europa dringend dazu aufgerufen, gegen\u00fcber den Wurzeln dieses Fl\u00fcchtlingsstroms\u00a0 zu handeln, es gehe darum, L\u00f6sungen f\u00fcr die politische Situation in den L\u00e4ndern des Nahen Ostens in Angriff zu nehmen und nicht vorz\u00fcglich National- oder Lokalpolitik zu betreiben, sagte P\u00fcrstl.<\/p>\n<p>Polizeidirektor P\u00fcrstl war von Pfarrer Norbert zu dieser Ansprache eingeladen worden, sie stellte sich in eine Reihe von Ansprachen, die sich mit dr\u00e4ngenden Problemen ablaufenden Jahres auseinandersetzen. Dr. P\u00fcrstl wohnt auch in Gersthof.<\/p>\n<p>Hier k\u00f6nnen Sie seine ganze <a title=\"Neues Testament f\u00fcr mich entdecken (14.1.)\" href=\"https:\/\/www.pfarregersthof.at\/dokus\/audio\/20151231-JahresschlussGodi2015-GPuerstl.MP3\">Ansprache von 25 Minuten h\u00f6ren<\/a>.<\/p>\n<p>&nbsp;<\/p>\n<h6>Fotos: Michael Steidl<\/h6>\n","protected":false},"excerpt":{"rendered":"<p>Die Kernprobleme der \u00f6ffentlichen Sicherheit &#8211; Armut, Bildung und Ungleichbehandlung &#8211; m\u00fcssen von allen gesellschaftlichen Kr\u00e4ften gemeinsam gel\u00f6st werden um so auch ein breites Sicherheitsempfinden in der Bev\u00f6lkerung herzustellen. Das hat Dr. Gerhard P\u00fcrstl, Landespolizeipr\u00e4sident von Wien, in seiner Ansprache im Jahresschlussgottesdienst 2015 am 31.12. in der Pfarrkirche unterstrichen. Er wies darauf hin, dass Daten [&hellip;]<\/p>\n","protected":false},"author":2,"featured_media":3708,"comment_status":"open","ping_status":"open","sticky":false,"template":"","format":"standard","meta":{"ngg_post_thumbnail":0,"footnotes":""},"categories":[5,14],"tags":[],"class_list":{"0":"post-3699","1":"post","2":"type-post","3":"status-publish","4":"format-standard","5":"has-post-thumbnail","7":"category-was-gewesen-ist","8":"category-zuletzt"},"publishpress_future_action":{"enabled":false,"date":"2026-05-09 08:59:08","action":"category","newStatus":"draft","terms":[],"taxonomy":"category","extraData":[]},"publishpress_future_workflow_manual_trigger":{"enabledWorkflows":[]},"_links":{"self":[{"href":"https:\/\/www.pfarregersthof.at\/komm\/wp-json\/wp\/v2\/posts\/3699","targetHints":{"allow":["GET"]}}],"collection":[{"href":"https:\/\/www.pfarregersthof.at\/komm\/wp-json\/wp\/v2\/posts"}],"about":[{"href":"https:\/\/www.pfarregersthof.at\/komm\/wp-json\/wp\/v2\/types\/post"}],"author":[{"embeddable":true,"href":"https:\/\/www.pfarregersthof.at\/komm\/wp-json\/wp\/v2\/users\/2"}],"replies":[{"embeddable":true,"href":"https:\/\/www.pfarregersthof.at\/komm\/wp-json\/wp\/v2\/comments?post=3699"}],"version-history":[{"count":7,"href":"https:\/\/www.pfarregersthof.at\/komm\/wp-json\/wp\/v2\/posts\/3699\/revisions"}],"predecessor-version":[{"id":3709,"href":"https:\/\/www.pfarregersthof.at\/komm\/wp-json\/wp\/v2\/posts\/3699\/revisions\/3709"}],"wp:featuredmedia":[{"embeddable":true,"href":"https:\/\/www.pfarregersthof.at\/komm\/wp-json\/wp\/v2\/media\/3708"}],"wp:attachment":[{"href":"https:\/\/www.pfarregersthof.at\/komm\/wp-json\/wp\/v2\/media?parent=3699"}],"wp:term":[{"taxonomy":"category","embeddable":true,"href":"https:\/\/www.pfarregersthof.at\/komm\/wp-json\/wp\/v2\/categories?post=3699"},{"taxonomy":"post_tag","embeddable":true,"href":"https:\/\/www.pfarregersthof.at\/komm\/wp-json\/wp\/v2\/tags?post=3699"}],"curies":[{"name":"wp","href":"https:\/\/api.w.org\/{rel}","templated":true}]}}