{"id":3734,"date":"2016-03-05T13:59:04","date_gmt":"2016-03-05T12:59:04","guid":{"rendered":"http:\/\/www.pfarregersthof.at\/komm\/?p=3734"},"modified":"2016-03-26T15:12:30","modified_gmt":"2016-03-26T14:12:30","slug":"auf-ostern-zu-gehen-10-2-27-3","status":"publish","type":"post","link":"https:\/\/www.pfarregersthof.at\/komm\/2016\/03\/auf-ostern-zu-gehen-10-2-27-3\/","title":{"rendered":"Die letzten Schritte auf Ostern zu (bis 28.3.)"},"content":{"rendered":"<h1>Die letzten Schritte auf Ostern zu<\/h1>\n<p><a href=\"https:\/\/www.pfarregersthof.at\/komm\/wp-content\/uploads\/2016\/01\/Barmherzigkeit-trotzdemLieben1.jpg\" rel=\"attachment wp-att-3735\"><img loading=\"lazy\" decoding=\"async\" class=\"alignleft size-medium wp-image-3735\" src=\"https:\/\/www.pfarregersthof.at\/komm\/wp-content\/uploads\/2016\/01\/Barmherzigkeit-trotzdemLieben1-112x300.jpg\" alt=\"\" width=\"112\" height=\"300\" srcset=\"https:\/\/www.pfarregersthof.at\/komm\/wp-content\/uploads\/2016\/01\/Barmherzigkeit-trotzdemLieben1-112x300.jpg 112w, https:\/\/www.pfarregersthof.at\/komm\/wp-content\/uploads\/2016\/01\/Barmherzigkeit-trotzdemLieben1-56x150.jpg 56w, https:\/\/www.pfarregersthof.at\/komm\/wp-content\/uploads\/2016\/01\/Barmherzigkeit-trotzdemLieben1-298x800.jpg 298w, https:\/\/www.pfarregersthof.at\/komm\/wp-content\/uploads\/2016\/01\/Barmherzigkeit-trotzdemLieben1.jpg 422w\" sizes=\"auto, (max-width: 112px) 100vw, 112px\" \/><\/a>Barmherzigkeit wird gerne als ein Nett-Sein ver\u00adstanden. Die Bibel erz\u00e4hlt uns aber, dass Gott da einen Schritt weiter, \u00fcber die Grenzen der Gerechtigkeit hinaus, geht. Also jemand anderen nicht nur zu lieben, weil sie oder er es sich verdient hat, sondern einfach nur weil er bzw. sie ein Gesch\u00f6pf Gottes ist. Gott liebt die Menschen, auch wenn sie gegen ihn gehandelt, sich gegen ihn gestr\u00e4ubt haben \u2013 <strong><em>Gott liebt sie trotzdem<\/em><\/strong>. Und Gott l\u00e4dt uns ein, ihm zu folgen. Freundlich auf einen grantigen Gru\u00df zu antworten; jemandem die Hand zu reichen, der aufgebracht handelt; auch dann noch zu helfen, wenn man nicht bedankt wird. Das ist eine pers\u00f6nliche Herausforderung f\u00fcr Junge und Alte, mit dem Blick auf Ostern sollten wir so mutig sein, sie anzunehmen.<br \/>\n<em>Michael Steidl, PGR<\/em><\/p>\n<p>&nbsp;<\/p>\n<p>&nbsp;<\/p>\n<p>Mittwoch, 16.3.<br \/>\n17.00 Pfk: Kreuzweg f\u00fcr Kinder<\/p>\n<p>Donnerstag, 17. 3.<br \/>\n13.00-18.00 GZ: Palmbuschenbinden<\/p>\n<p>Freitag, 18.3.<br \/>\n6.00 PfK: Parate-Gottesdienst<br \/>\n17.30-18.30 PfK: Dienst der Bu\u00dfe &amp; Vers\u00f6hnung<br \/>\n18.30 PfK: Kreuzweg im Gedenken an Kaplan H.Maier, anschl. Anbetung<\/p>\n<h2>KARWOCHE \u2013 Heilige Woche<\/h2>\n<p><strong>Sonntag, 20.3. &#8212; Palmsonntag<\/strong><br \/>\nIm Vorraum der Kirche EZA-Waren Angebote!<br \/>\nBitte beachten Sie den Sammelkasten f\u00fcr das Hl. Land<br \/>\n9.30 Erndtgasse\/Ferrogasse: Statio \u2013 Palmprozession zur Kirche<br \/>\n10.00 PfK: Gottesdienst mit Allegro Vivace<br \/>\n11.00 GZ: Pfarrkaffee zugunsten der Patenkinder von Kpl. Suresh<br \/>\n11.30 JNK: Gottesdienst<br \/>\n18.30 PfK: Anbetung<\/p>\n<p><span style=\"color: #993366;\"><em>Der Palmsonntag ist das Tor zur Heiligen (Kar-) Woche. Ein Freudentag: denn der Einzug Jesu in Jerusalem ist \u2013 gem\u00e4\u00df den Evangelien \u2013 zwar kein Triumphzug, sondern eine Glaubensdemonstration. Denn von diesem, auf einem Esel reitenden Mann aus der Provinz des Landes ist noch EIniges zu erwarten: Geduld und Geschehnisse werden lehren!<\/em><\/span><\/p>\n<p><strong>Donnerstag, 24.3. &#8212; Gr\u00fcndonnerstag<\/strong><br \/>\n17.00 GZ: Wort-Gottes-Feier mit Fu\u00dfwaschung an Kindern<br \/>\n19.00 PfK: Gottesdienst vom Letzten Abendmahl mit Fu\u00dfwaschung, anschl. \u201e\u00d6lbergstunde\u201c, GZ: Agape<\/p>\n<p><span style=\"color: #008000;\"><em>Das zuletzt in provokanten Aussagen \u2013 laut Evangelien \u2013 sich zuspitzende Ende des Lebens kommt zum H\u00f6hepunkt und Abschied des Lebens von Jesus. Im Kreis der Seinen \u2013 waren es nur M\u00e4nner? \u2013 feiert Jesus ein an das Pascha seiner V\u00e4ter und Vorv\u00e4ter orientiertes Mahl und f\u00fcgt \u201cgewaltige Worte\u201d hinzu, die die Feiergemeinde zu entschl\u00fcsseln hatte!<\/em><\/span><br \/>\n<span style=\"color: #008000;\"><em>Wir als Christengemeinden feiern dies beauftragt zum Nachvollzug bis heute, ja is er kommt \u201cin Herrlichkeit!\u201d<\/em><\/span><\/p>\n<p><strong>Freitag, 25.3. -\u2013 Karfreitag<\/strong><br \/>\n8.00 &amp; 12.00 PfK: Stundengebet, das ist nach \u201calter Art unserer Kirche\u201d das Gemeinschaftsgebet als \u201cTerz und Sext\u201d<br \/>\n12.00 GZ: Reisessen (bis 13.00 Uhr)<br \/>\n15.00 GZ: Liturgie f\u00fcr Kinder<br \/>\n15.00 PfK: Liturgie zum Karfreitag<\/p>\n<p><em><span style=\"color: #800080;\">Der Karfreitag ist der Gedenktag an das Leiden und Sterben Christi. Diese Erinnerung, dieses Gedenken wird seit langem um 15 Uhr, zu seiner Todesstunde gefeiert. Zus\u00e4tzlich wurde aber auch ein als Kreuzesfeier bezeichneter Gottesdienst am Abend gefeiert.<\/span><\/em><br \/>\n<em><span style=\"color: #800080;\">Ab heuer wollen wir aber <strong>beides in einem\u00a0Gottesdienst um 15 Uhr feiern<\/strong>. In diese heilige Feier werden auch die Kinder und deren Familien in unserere Gottesdienstgemeinde einbezogen. Konkret: der Gro\u00dfteil der Feier f\u00fcr Kinder wird in der Osterkapelle stattfinden, die Kreuzverehrung \u2013 in ge\u00e4ndeter Form \u2013 wird mit der Gesamtgemeinde vollzogen.<\/span> (<a href=\"\/komm\/2016\/02\/karfreitag-gottesdienst-nur-15-uhr\/\">Mehr dazu &gt;&gt;&gt;<\/a>)<\/em><\/p>\n<p><strong>Samstag, 26.3. &#8212; Karsamstag<\/strong><br \/>\n8.00 &amp; 12.00 PfK: Stundengebet, das ist nach \u201calter Art unserer Kirche\u201d das Gemeinschaftsgebet als \u201cTerz und Sext\u201d<\/p>\n<h2>OSTERFEST<\/h2>\n<p><span style=\"color: #993300;\"><em>Als Pfarrgemeinde sind wir seit vielen Jahren bestrebt, Ostern als H\u00f6hepunkt des Kirchenjahres zu feiern. Die 40 Tage der \u00f6sterlichen Vorbereitung stehen jeweils unter einem Leitsatz &#8211; heuer &#8222;trotzdem lieben&#8220; -, der dann im Geheimnis der drei \u00f6sterlichen Tage seine Vertiefung erf\u00e4hrt. Aus dieser Quelle des Heils versuchen wir zu sch\u00f6pfen und zu leben! Seit 1985 wird die Ostervigil in St. Leopold in einer Form gefeiert, die trachtet, die ganze Nacht zu umspannen. Je nach pers\u00f6nlichem Engagement und Durchhalteverm\u00f6gen einzelner ChristInnen, hat die Zahl derer, die \u201edie Nacht in Liebe\u201c durchwacht haben, in den letzten Jahren ab- und zugenommen. Heuer haben wir neue liturgische Ideen aufgegriffen und Elemente und Schwerpunkte der liturgischen Feiern in eine neue Form gebracht: Alttestamentliche und neutestamentliche Lesungen sind in die vier Teile Abendfeier, Nachwache, Friedhofsgang und Morgenfeier integriert.<\/em><\/span><\/p>\n<p>Samstag, 26.3.<br \/>\n18.00 PfK: Familienvesper zum Osterfest<br \/>\n21.00 PfK: Lichtfeier &amp; Lesungen aus der Hebr\u00e4ischen Bibel, Nachtwache<\/p>\n<p>Sonntag, 27.3. &#8212; Ostersonntag<br \/>\n4.15 PfK: Treffpunkt zum Friedhofsgang<br \/>\n4.45 Friedhof Gersthof: Mit Gebet und Osterlicht Gang zu den Gr\u00e4bern<br \/>\n6.00 PfK: Morgenfeier \u2013 musikalische Gestaltung \u2013 Familienmusikgruppe, anschl. Ostereiersuchen<br \/>\nGZ: Fr\u00fchst\u00fcck f\u00fcr alle<\/p>\n<p>9.30 PfK: Festgottesdienst<\/p>\n<p><span style=\"color: #993300;\"><em>Der Festgottesdienst am Ostertag ist gut vorbereitet und in besonderer Weise f\u00fcr alle Mitfeiernden gestaltet (Kinder &amp; Erwachsene). Wir freuen uns auf das gemeinsame Feiern des Ostergeheimnisses. Anschlie\u00dfend gibt es f\u00fcr Kinder ein Ostereiersuchen.<\/em><\/span><\/p>\n<p>18.00 PfK: \u00d6kumenische Ostervesper<\/p>\n<p><span style=\"color: #993300;\"><em>Zu dieser Wort-Gottes-Feier laden wir ChristInnen aller Konfessionen herzlich ein. Die Auslegung der biblischen Texte \u00fcbernimmt jeweils ein\/eine Amtstr\u00e4ger\/in aus einer Schwesternkirche. Anschlie\u00dfend laden wir zu einer wunderbaren Agape in unser Gemeindezentrum ein!<\/em><\/span><\/p>\n<p>Montag, 28.3. &#8212; Ostermontag<br \/>\n9.30 Pfk: Gottesdienst<\/p>\n<h3>\u00dcbersicht Ortsangaben<\/h3>\n<p>PfK &#8230; Pfarrkirche, auf dem Bischof Faber Platz<br \/>\nJKp &#8230; Jugendkapelle in der Pfarrkirche<br \/>\nOK &#8230; Osterkapelle in der Pfarrkirche<br \/>\nGZ &#8230; Gemeindezentrum, Bastiengasse 18<br \/>\nJNK &#8230; Johannes Nepomuk Kapelle, Gersthoferstra\u00dfe 129<\/p>\n","protected":false},"excerpt":{"rendered":"<p>Die letzten Schritte auf Ostern zu Barmherzigkeit wird gerne als ein Nett-Sein ver\u00adstanden. Die Bibel erz\u00e4hlt uns aber, dass Gott da einen Schritt weiter, \u00fcber die Grenzen der Gerechtigkeit hinaus, geht. Also jemand anderen nicht nur zu lieben, weil sie oder er es sich verdient hat, sondern einfach nur weil er bzw. sie ein Gesch\u00f6pf [&hellip;]<\/p>\n","protected":false},"author":2,"featured_media":3735,"comment_status":"open","ping_status":"open","sticky":false,"template":"","format":"standard","meta":{"ngg_post_thumbnail":0,"footnotes":""},"categories":[7],"tags":[],"class_list":{"0":"post-3734","1":"post","2":"type-post","3":"status-publish","4":"format-standard","5":"has-post-thumbnail","7":"category-archiv"},"publishpress_future_action":{"enabled":false,"date":"2026-05-06 17:56:50","action":"category","newStatus":"draft","terms":[],"taxonomy":"category","extraData":[]},"publishpress_future_workflow_manual_trigger":{"enabledWorkflows":[]},"_links":{"self":[{"href":"https:\/\/www.pfarregersthof.at\/komm\/wp-json\/wp\/v2\/posts\/3734","targetHints":{"allow":["GET"]}}],"collection":[{"href":"https:\/\/www.pfarregersthof.at\/komm\/wp-json\/wp\/v2\/posts"}],"about":[{"href":"https:\/\/www.pfarregersthof.at\/komm\/wp-json\/wp\/v2\/types\/post"}],"author":[{"embeddable":true,"href":"https:\/\/www.pfarregersthof.at\/komm\/wp-json\/wp\/v2\/users\/2"}],"replies":[{"embeddable":true,"href":"https:\/\/www.pfarregersthof.at\/komm\/wp-json\/wp\/v2\/comments?post=3734"}],"version-history":[{"count":5,"href":"https:\/\/www.pfarregersthof.at\/komm\/wp-json\/wp\/v2\/posts\/3734\/revisions"}],"predecessor-version":[{"id":3794,"href":"https:\/\/www.pfarregersthof.at\/komm\/wp-json\/wp\/v2\/posts\/3734\/revisions\/3794"}],"wp:featuredmedia":[{"embeddable":true,"href":"https:\/\/www.pfarregersthof.at\/komm\/wp-json\/wp\/v2\/media\/3735"}],"wp:attachment":[{"href":"https:\/\/www.pfarregersthof.at\/komm\/wp-json\/wp\/v2\/media?parent=3734"}],"wp:term":[{"taxonomy":"category","embeddable":true,"href":"https:\/\/www.pfarregersthof.at\/komm\/wp-json\/wp\/v2\/categories?post=3734"},{"taxonomy":"post_tag","embeddable":true,"href":"https:\/\/www.pfarregersthof.at\/komm\/wp-json\/wp\/v2\/tags?post=3734"}],"curies":[{"name":"wp","href":"https:\/\/api.w.org\/{rel}","templated":true}]}}