{"id":3752,"date":"2016-02-14T17:59:17","date_gmt":"2016-02-14T16:59:17","guid":{"rendered":"http:\/\/www.pfarregersthof.at\/komm\/?p=3752"},"modified":"2016-02-22T20:36:09","modified_gmt":"2016-02-22T19:36:09","slug":"familienfasttag","status":"publish","type":"post","link":"https:\/\/www.pfarregersthof.at\/komm\/2016\/02\/familienfasttag\/","title":{"rendered":"Familienfasttag (19.+21.2.)"},"content":{"rendered":"<p>Am Freitag, 19. 2. l\u00e4dt die Katholische Frauenbewegung ein, den <a href=\"http:\/\/www.teilen.at\/\" target=\"_blank\">Familienfasttag <\/a>zu begehen. Unter dem Motto \u201eWirtschaft Fair\u00e4ndern \u2013solidarisch leben\u201c ist Ihre Spende nach den Gottesdiensten am 21. 2. 2016 erbeten.<\/p>\n<p>Der Erl\u00f6s aus den Sammlungen an den Kirchent\u00fcren und das Spendenergebnis aus dem Pfarrcaf\u00e9s am 14.2. kommen dem Projekt zugute.<\/p>\n<p>Helfen wir mit unserer Spende Gerechtigkeit zu verwirklichen.<br \/>\n<span style=\"color: #3366ff;\"><em>Dorli Schiller-Berg und das kfb Team<\/em><\/span><\/p>\n","protected":false},"excerpt":{"rendered":"<p>Am Freitag, 19. 2. l\u00e4dt die Katholische Frauenbewegung ein, den Familienfasttag zu begehen. Unter dem Motto \u201eWirtschaft Fair\u00e4ndern \u2013solidarisch leben\u201c ist Ihre Spende nach den Gottesdiensten am 21. 2. 2016 erbeten. Der Erl\u00f6s aus den Sammlungen an den Kirchent\u00fcren und das Spendenergebnis aus dem Pfarrcaf\u00e9s am 14.2. kommen dem Projekt zugute. Helfen wir mit unserer [&hellip;]<\/p>\n","protected":false},"author":2,"featured_media":0,"comment_status":"open","ping_status":"open","sticky":false,"template":"","format":"standard","meta":{"ngg_post_thumbnail":0,"footnotes":""},"categories":[7],"tags":[],"class_list":{"0":"post-3752","1":"post","2":"type-post","3":"status-publish","4":"format-standard","6":"category-archiv"},"publishpress_future_action":{"enabled":false,"date":"2026-05-06 21:34:06","action":"category","newStatus":"draft","terms":[],"taxonomy":"category","extraData":[]},"publishpress_future_workflow_manual_trigger":{"enabledWorkflows":[]},"_links":{"self":[{"href":"https:\/\/www.pfarregersthof.at\/komm\/wp-json\/wp\/v2\/posts\/3752","targetHints":{"allow":["GET"]}}],"collection":[{"href":"https:\/\/www.pfarregersthof.at\/komm\/wp-json\/wp\/v2\/posts"}],"about":[{"href":"https:\/\/www.pfarregersthof.at\/komm\/wp-json\/wp\/v2\/types\/post"}],"author":[{"embeddable":true,"href":"https:\/\/www.pfarregersthof.at\/komm\/wp-json\/wp\/v2\/users\/2"}],"replies":[{"embeddable":true,"href":"https:\/\/www.pfarregersthof.at\/komm\/wp-json\/wp\/v2\/comments?post=3752"}],"version-history":[{"count":2,"href":"https:\/\/www.pfarregersthof.at\/komm\/wp-json\/wp\/v2\/posts\/3752\/revisions"}],"predecessor-version":[{"id":3754,"href":"https:\/\/www.pfarregersthof.at\/komm\/wp-json\/wp\/v2\/posts\/3752\/revisions\/3754"}],"wp:attachment":[{"href":"https:\/\/www.pfarregersthof.at\/komm\/wp-json\/wp\/v2\/media?parent=3752"}],"wp:term":[{"taxonomy":"category","embeddable":true,"href":"https:\/\/www.pfarregersthof.at\/komm\/wp-json\/wp\/v2\/categories?post=3752"},{"taxonomy":"post_tag","embeddable":true,"href":"https:\/\/www.pfarregersthof.at\/komm\/wp-json\/wp\/v2\/tags?post=3752"}],"curies":[{"name":"wp","href":"https:\/\/api.w.org\/{rel}","templated":true}]}}