{"id":3758,"date":"2016-02-22T20:39:50","date_gmt":"2016-02-22T19:39:50","guid":{"rendered":"http:\/\/www.pfarregersthof.at\/komm\/?p=3758"},"modified":"2016-02-29T06:50:50","modified_gmt":"2016-02-29T05:50:50","slug":"bibelnachrede-am-sonntag-28-2","status":"publish","type":"post","link":"https:\/\/www.pfarregersthof.at\/komm\/2016\/02\/bibelnachrede-am-sonntag-28-2\/","title":{"rendered":"Bibelnachrede am Sonntag (28.2.)"},"content":{"rendered":"<p>Bei jedem Gottesdienst h\u00f6ren wir Lesungen aus der Bibel und meistens auch eine Predigt dar\u00fcber. Aber was f\u00e4llt mir dazu ein, was ber\u00fchrt mich, was erfreut mich, welche Fragen stelle ich mir dazu oder was \u00e4rgert mich? Wir bieten wieder zirka eine halbe Stunde Nach-Gespr\u00e4ch in einer kleinen Gruppe an und laden am <strong>Sonntag, 28.2..2016, nach der 10 Uhr Messe in die Osterkapelle der Pfarrkirche<\/strong> (Bischof<strong>-Faber Platz)<\/strong> ein. Der letzte geplante Termine vor dem Sommer ist der 24 .4. 2016.<\/p>\n<p><em>Michael Steidl<\/em><\/p>\n","protected":false},"excerpt":{"rendered":"<p>Bei jedem Gottesdienst h\u00f6ren wir Lesungen aus der Bibel und meistens auch eine Predigt dar\u00fcber. Aber was f\u00e4llt mir dazu ein, was ber\u00fchrt mich, was erfreut mich, welche Fragen stelle ich mir dazu oder was \u00e4rgert mich? Wir bieten wieder zirka eine halbe Stunde Nach-Gespr\u00e4ch in einer kleinen Gruppe an und laden am Sonntag, 28.2..2016, [&hellip;]<\/p>\n","protected":false},"author":2,"featured_media":0,"comment_status":"open","ping_status":"open","sticky":false,"template":"","format":"standard","meta":{"ngg_post_thumbnail":0,"footnotes":""},"categories":[7],"tags":[],"class_list":{"0":"post-3758","1":"post","2":"type-post","3":"status-publish","4":"format-standard","6":"category-archiv"},"publishpress_future_action":{"enabled":false,"date":"2026-05-06 18:58:38","action":"category","newStatus":"draft","terms":[],"taxonomy":"category","extraData":[]},"publishpress_future_workflow_manual_trigger":{"enabledWorkflows":[]},"_links":{"self":[{"href":"https:\/\/www.pfarregersthof.at\/komm\/wp-json\/wp\/v2\/posts\/3758","targetHints":{"allow":["GET"]}}],"collection":[{"href":"https:\/\/www.pfarregersthof.at\/komm\/wp-json\/wp\/v2\/posts"}],"about":[{"href":"https:\/\/www.pfarregersthof.at\/komm\/wp-json\/wp\/v2\/types\/post"}],"author":[{"embeddable":true,"href":"https:\/\/www.pfarregersthof.at\/komm\/wp-json\/wp\/v2\/users\/2"}],"replies":[{"embeddable":true,"href":"https:\/\/www.pfarregersthof.at\/komm\/wp-json\/wp\/v2\/comments?post=3758"}],"version-history":[{"count":1,"href":"https:\/\/www.pfarregersthof.at\/komm\/wp-json\/wp\/v2\/posts\/3758\/revisions"}],"predecessor-version":[{"id":3759,"href":"https:\/\/www.pfarregersthof.at\/komm\/wp-json\/wp\/v2\/posts\/3758\/revisions\/3759"}],"wp:attachment":[{"href":"https:\/\/www.pfarregersthof.at\/komm\/wp-json\/wp\/v2\/media?parent=3758"}],"wp:term":[{"taxonomy":"category","embeddable":true,"href":"https:\/\/www.pfarregersthof.at\/komm\/wp-json\/wp\/v2\/categories?post=3758"},{"taxonomy":"post_tag","embeddable":true,"href":"https:\/\/www.pfarregersthof.at\/komm\/wp-json\/wp\/v2\/tags?post=3758"}],"curies":[{"name":"wp","href":"https:\/\/api.w.org\/{rel}","templated":true}]}}