{"id":3760,"date":"2016-02-22T20:41:19","date_gmt":"2016-02-22T19:41:19","guid":{"rendered":"http:\/\/www.pfarregersthof.at\/komm\/?p=3760"},"modified":"2016-03-14T20:52:26","modified_gmt":"2016-03-14T19:52:26","slug":"grosseltern-enkelkind-segen-6-3","status":"publish","type":"post","link":"https:\/\/www.pfarregersthof.at\/komm\/2016\/02\/grosseltern-enkelkind-segen-6-3\/","title":{"rendered":"Gro\u00dfeltern-Enkelkind-Segen (6.3.)"},"content":{"rendered":"<p>Enkelkinder sind mit ihren Gro\u00dfeltern, aber auch Gro\u00dfeltern\u00a0 sind mit ihren Enkelkindern herzlich eingeladen mit uns den Gemeindegottesdienst um 10.00 Uhr zu feiern.<\/p>\n<p>Wir freuen uns auf alle, die kommen!<br \/>\n<span style=\"color: #3366ff;\"><em>Pfr. Norbert und Gerda Winner<\/em><\/span><\/p>\n","protected":false},"excerpt":{"rendered":"<p>Enkelkinder sind mit ihren Gro\u00dfeltern, aber auch Gro\u00dfeltern\u00a0 sind mit ihren Enkelkindern herzlich eingeladen mit uns den Gemeindegottesdienst um 10.00 Uhr zu feiern. Wir freuen uns auf alle, die kommen! Pfr. Norbert und Gerda Winner<\/p>\n","protected":false},"author":2,"featured_media":0,"comment_status":"open","ping_status":"open","sticky":false,"template":"","format":"standard","meta":{"ngg_post_thumbnail":0,"footnotes":""},"categories":[7],"tags":[],"class_list":{"0":"post-3760","1":"post","2":"type-post","3":"status-publish","4":"format-standard","6":"category-archiv"},"publishpress_future_action":{"enabled":false,"date":"2026-05-06 17:43:17","action":"category","newStatus":"draft","terms":[],"taxonomy":"category","extraData":[]},"publishpress_future_workflow_manual_trigger":{"enabledWorkflows":[]},"_links":{"self":[{"href":"https:\/\/www.pfarregersthof.at\/komm\/wp-json\/wp\/v2\/posts\/3760","targetHints":{"allow":["GET"]}}],"collection":[{"href":"https:\/\/www.pfarregersthof.at\/komm\/wp-json\/wp\/v2\/posts"}],"about":[{"href":"https:\/\/www.pfarregersthof.at\/komm\/wp-json\/wp\/v2\/types\/post"}],"author":[{"embeddable":true,"href":"https:\/\/www.pfarregersthof.at\/komm\/wp-json\/wp\/v2\/users\/2"}],"replies":[{"embeddable":true,"href":"https:\/\/www.pfarregersthof.at\/komm\/wp-json\/wp\/v2\/comments?post=3760"}],"version-history":[{"count":1,"href":"https:\/\/www.pfarregersthof.at\/komm\/wp-json\/wp\/v2\/posts\/3760\/revisions"}],"predecessor-version":[{"id":3761,"href":"https:\/\/www.pfarregersthof.at\/komm\/wp-json\/wp\/v2\/posts\/3760\/revisions\/3761"}],"wp:attachment":[{"href":"https:\/\/www.pfarregersthof.at\/komm\/wp-json\/wp\/v2\/media?parent=3760"}],"wp:term":[{"taxonomy":"category","embeddable":true,"href":"https:\/\/www.pfarregersthof.at\/komm\/wp-json\/wp\/v2\/categories?post=3760"},{"taxonomy":"post_tag","embeddable":true,"href":"https:\/\/www.pfarregersthof.at\/komm\/wp-json\/wp\/v2\/tags?post=3760"}],"curies":[{"name":"wp","href":"https:\/\/api.w.org\/{rel}","templated":true}]}}