{"id":3764,"date":"2016-02-29T06:55:43","date_gmt":"2016-02-29T05:55:43","guid":{"rendered":"http:\/\/www.pfarregersthof.at\/komm\/?p=3764"},"modified":"2016-02-29T06:55:43","modified_gmt":"2016-02-29T05:55:43","slug":"dank-fuer-familienfasttag-spenden","status":"publish","type":"post","link":"https:\/\/www.pfarregersthof.at\/komm\/2016\/02\/dank-fuer-familienfasttag-spenden\/","title":{"rendered":"Dank f\u00fcr Familienfasttag-Spenden"},"content":{"rendered":"<p>In der Pfarre wurden insgesamt 1253 EUR gespendet: 564 EUR im Pfarrcaf\u00e9, 655 bei der Sammlung in der Pfarrkirche, 133 EUR bei der Sammlung in der Johannes Nepomuk Kapelle. Wir danken allen Helfern und allen die so gro\u00dfz\u00fcgig gespendet haben und damit einen gro\u00dfen Beitrag zum <a href=\"http:\/\/www.teilen.at\" target=\"_blank\">Projekt der Katholischen Frauenbewegung auf den Philippinen<\/a> geleistet haben.<\/p>\n<p><span style=\"color: #3366ff;\"><em>Das kfb (Katholische Frauenbewegung) Team mit Dorli Schiller-Berg<\/em><\/span><\/p>\n","protected":false},"excerpt":{"rendered":"<p>In der Pfarre wurden insgesamt 1253 EUR gespendet: 564 EUR im Pfarrcaf\u00e9, 655 bei der Sammlung in der Pfarrkirche, 133 EUR bei der Sammlung in der Johannes Nepomuk Kapelle. Wir danken allen Helfern und allen die so gro\u00dfz\u00fcgig gespendet haben und damit einen gro\u00dfen Beitrag zum Projekt der Katholischen Frauenbewegung auf den Philippinen geleistet haben. [&hellip;]<\/p>\n","protected":false},"author":2,"featured_media":0,"comment_status":"open","ping_status":"open","sticky":false,"template":"","format":"standard","meta":{"ngg_post_thumbnail":0,"footnotes":""},"categories":[5],"tags":[],"class_list":{"0":"post-3764","1":"post","2":"type-post","3":"status-publish","4":"format-standard","6":"category-was-gewesen-ist"},"publishpress_future_action":{"enabled":false,"date":"2026-05-06 13:27:11","action":"category","newStatus":"draft","terms":[],"taxonomy":"category","extraData":[]},"publishpress_future_workflow_manual_trigger":{"enabledWorkflows":[]},"_links":{"self":[{"href":"https:\/\/www.pfarregersthof.at\/komm\/wp-json\/wp\/v2\/posts\/3764","targetHints":{"allow":["GET"]}}],"collection":[{"href":"https:\/\/www.pfarregersthof.at\/komm\/wp-json\/wp\/v2\/posts"}],"about":[{"href":"https:\/\/www.pfarregersthof.at\/komm\/wp-json\/wp\/v2\/types\/post"}],"author":[{"embeddable":true,"href":"https:\/\/www.pfarregersthof.at\/komm\/wp-json\/wp\/v2\/users\/2"}],"replies":[{"embeddable":true,"href":"https:\/\/www.pfarregersthof.at\/komm\/wp-json\/wp\/v2\/comments?post=3764"}],"version-history":[{"count":1,"href":"https:\/\/www.pfarregersthof.at\/komm\/wp-json\/wp\/v2\/posts\/3764\/revisions"}],"predecessor-version":[{"id":3765,"href":"https:\/\/www.pfarregersthof.at\/komm\/wp-json\/wp\/v2\/posts\/3764\/revisions\/3765"}],"wp:attachment":[{"href":"https:\/\/www.pfarregersthof.at\/komm\/wp-json\/wp\/v2\/media?parent=3764"}],"wp:term":[{"taxonomy":"category","embeddable":true,"href":"https:\/\/www.pfarregersthof.at\/komm\/wp-json\/wp\/v2\/categories?post=3764"},{"taxonomy":"post_tag","embeddable":true,"href":"https:\/\/www.pfarregersthof.at\/komm\/wp-json\/wp\/v2\/tags?post=3764"}],"curies":[{"name":"wp","href":"https:\/\/api.w.org\/{rel}","templated":true}]}}