{"id":3766,"date":"2016-02-29T06:58:16","date_gmt":"2016-02-29T05:58:16","guid":{"rendered":"http:\/\/www.pfarregersthof.at\/komm\/?p=3766"},"modified":"2016-03-05T13:50:15","modified_gmt":"2016-03-05T12:50:15","slug":"oekumenischer-weltgebetstag-4-3","status":"publish","type":"post","link":"https:\/\/www.pfarregersthof.at\/komm\/2016\/02\/oekumenischer-weltgebetstag-4-3\/","title":{"rendered":"\u00d6kumenischer Weltgebetstag (4.3.)"},"content":{"rendered":"<p>Zum \u00d6kumenischer Weltgebetstag am <strong>Freitag, 4. M\u00e4rz 2016, um 19.00 Uhr<\/strong> laden Frauen zum Thema: \u201eNehmt Kinder auf und ihr nehmt mich auf\u201c M\u00e4nner und Frauen herzlich ein!<\/p>\n<p>Diesmal bereitet diesen \u00d6kumenischen Gottesdienst die Baptistengemeinde in 1170 Wien, Beheimgasse 1 vor. Anschlie\u00dfend gibt es die M\u00f6glichkeit f\u00fcr Gespr\u00e4che bei einer Agape.<\/p>\n<p>Auf Ihr Kommen freuen sich die kath. Frauenbewegung, Pfr. Norbert und Heinrich Bica<\/p>\n","protected":false},"excerpt":{"rendered":"<p>Zum \u00d6kumenischer Weltgebetstag am Freitag, 4. M\u00e4rz 2016, um 19.00 Uhr laden Frauen zum Thema: \u201eNehmt Kinder auf und ihr nehmt mich auf\u201c M\u00e4nner und Frauen herzlich ein! Diesmal bereitet diesen \u00d6kumenischen Gottesdienst die Baptistengemeinde in 1170 Wien, Beheimgasse 1 vor. Anschlie\u00dfend gibt es die M\u00f6glichkeit f\u00fcr Gespr\u00e4che bei einer Agape. Auf Ihr Kommen freuen [&hellip;]<\/p>\n","protected":false},"author":2,"featured_media":0,"comment_status":"open","ping_status":"open","sticky":false,"template":"","format":"standard","meta":{"ngg_post_thumbnail":0,"footnotes":""},"categories":[7],"tags":[],"class_list":{"0":"post-3766","1":"post","2":"type-post","3":"status-publish","4":"format-standard","6":"category-archiv"},"publishpress_future_action":{"enabled":false,"date":"2026-05-06 14:58:37","action":"category","newStatus":"draft","terms":[],"taxonomy":"category","extraData":[]},"publishpress_future_workflow_manual_trigger":{"enabledWorkflows":[]},"_links":{"self":[{"href":"https:\/\/www.pfarregersthof.at\/komm\/wp-json\/wp\/v2\/posts\/3766","targetHints":{"allow":["GET"]}}],"collection":[{"href":"https:\/\/www.pfarregersthof.at\/komm\/wp-json\/wp\/v2\/posts"}],"about":[{"href":"https:\/\/www.pfarregersthof.at\/komm\/wp-json\/wp\/v2\/types\/post"}],"author":[{"embeddable":true,"href":"https:\/\/www.pfarregersthof.at\/komm\/wp-json\/wp\/v2\/users\/2"}],"replies":[{"embeddable":true,"href":"https:\/\/www.pfarregersthof.at\/komm\/wp-json\/wp\/v2\/comments?post=3766"}],"version-history":[{"count":1,"href":"https:\/\/www.pfarregersthof.at\/komm\/wp-json\/wp\/v2\/posts\/3766\/revisions"}],"predecessor-version":[{"id":3767,"href":"https:\/\/www.pfarregersthof.at\/komm\/wp-json\/wp\/v2\/posts\/3766\/revisions\/3767"}],"wp:attachment":[{"href":"https:\/\/www.pfarregersthof.at\/komm\/wp-json\/wp\/v2\/media?parent=3766"}],"wp:term":[{"taxonomy":"category","embeddable":true,"href":"https:\/\/www.pfarregersthof.at\/komm\/wp-json\/wp\/v2\/categories?post=3766"},{"taxonomy":"post_tag","embeddable":true,"href":"https:\/\/www.pfarregersthof.at\/komm\/wp-json\/wp\/v2\/tags?post=3766"}],"curies":[{"name":"wp","href":"https:\/\/api.w.org\/{rel}","templated":true}]}}