{"id":3774,"date":"2016-03-05T13:46:39","date_gmt":"2016-03-05T12:46:39","guid":{"rendered":"http:\/\/www.pfarregersthof.at\/komm\/?p=3774"},"modified":"2016-03-14T20:51:53","modified_gmt":"2016-03-14T19:51:53","slug":"suppensonntag-13-3","status":"publish","type":"post","link":"https:\/\/www.pfarregersthof.at\/komm\/2016\/03\/suppensonntag-13-3\/","title":{"rendered":"Suppensonntag (13.3.)"},"content":{"rendered":"<p>Wir laden herzlich zum gemeinsamen Mittagessen im Gemeindezentrum, Bastiengasse 18, ein. Ab 11 Uhr gibt es viele verschiedene Gerichte, der Fastenzeit entsprechend auch einige ohne Fleisch. Der Reinerl\u00f6s geht wieder an unsere weltweiten Partnerschaften in Nord- und S\u00fcdindien, Rum\u00e4nien und Bosnien. Alle Speisen gibt es auch zum Mitnehmen, das Suppensonntagsteam freut sich auf viele Besucher.<\/p>\n<p><span style=\"color: #3366ff;\"><em>Stefanie und Benedikt Gamillscheg<\/em><\/span><\/p>\n","protected":false},"excerpt":{"rendered":"<p>Wir laden herzlich zum gemeinsamen Mittagessen im Gemeindezentrum, Bastiengasse 18, ein. Ab 11 Uhr gibt es viele verschiedene Gerichte, der Fastenzeit entsprechend auch einige ohne Fleisch. Der Reinerl\u00f6s geht wieder an unsere weltweiten Partnerschaften in Nord- und S\u00fcdindien, Rum\u00e4nien und Bosnien. Alle Speisen gibt es auch zum Mitnehmen, das Suppensonntagsteam freut sich auf viele Besucher. [&hellip;]<\/p>\n","protected":false},"author":2,"featured_media":0,"comment_status":"open","ping_status":"open","sticky":false,"template":"","format":"standard","meta":{"ngg_post_thumbnail":0,"footnotes":""},"categories":[7],"tags":[],"class_list":{"0":"post-3774","1":"post","2":"type-post","3":"status-publish","4":"format-standard","6":"category-archiv"},"publishpress_future_action":{"enabled":false,"date":"2026-05-06 19:02:38","action":"category","newStatus":"draft","terms":[],"taxonomy":"category","extraData":[]},"publishpress_future_workflow_manual_trigger":{"enabledWorkflows":[]},"_links":{"self":[{"href":"https:\/\/www.pfarregersthof.at\/komm\/wp-json\/wp\/v2\/posts\/3774","targetHints":{"allow":["GET"]}}],"collection":[{"href":"https:\/\/www.pfarregersthof.at\/komm\/wp-json\/wp\/v2\/posts"}],"about":[{"href":"https:\/\/www.pfarregersthof.at\/komm\/wp-json\/wp\/v2\/types\/post"}],"author":[{"embeddable":true,"href":"https:\/\/www.pfarregersthof.at\/komm\/wp-json\/wp\/v2\/users\/2"}],"replies":[{"embeddable":true,"href":"https:\/\/www.pfarregersthof.at\/komm\/wp-json\/wp\/v2\/comments?post=3774"}],"version-history":[{"count":1,"href":"https:\/\/www.pfarregersthof.at\/komm\/wp-json\/wp\/v2\/posts\/3774\/revisions"}],"predecessor-version":[{"id":3775,"href":"https:\/\/www.pfarregersthof.at\/komm\/wp-json\/wp\/v2\/posts\/3774\/revisions\/3775"}],"wp:attachment":[{"href":"https:\/\/www.pfarregersthof.at\/komm\/wp-json\/wp\/v2\/media?parent=3774"}],"wp:term":[{"taxonomy":"category","embeddable":true,"href":"https:\/\/www.pfarregersthof.at\/komm\/wp-json\/wp\/v2\/categories?post=3774"},{"taxonomy":"post_tag","embeddable":true,"href":"https:\/\/www.pfarregersthof.at\/komm\/wp-json\/wp\/v2\/tags?post=3774"}],"curies":[{"name":"wp","href":"https:\/\/api.w.org\/{rel}","templated":true}]}}